{"id":39191,"date":"2023-04-13T14:39:02","date_gmt":"2023-04-13T20:39:02","guid":{"rendered":"https:\/\/encuentroinformativo.com.mx\/?p=39191"},"modified":"2023-04-13T14:39:06","modified_gmt":"2023-04-13T20:39:06","slug":"se-realizaron-consultas-para-reforma-a-la-ley-de-educacion-diputada","status":"publish","type":"post","link":"https:\/\/encuentroinformativo.com.mx\/?p=39191","title":{"rendered":"Se realizaron consultas para reforma a la Ley de Educaci\u00f3n: Diputada"},"content":{"rendered":"\n<p><strong>Dar\u00edo Pale <\/strong><\/p>\n\n\n\n<p>Xalapa, Ver.- Ahora s\u00ed se realiz\u00f3 la consulta a las comunidades afrodescendientes e ind\u00edgenas para reforma a la Ley General de Educaci\u00f3n, as\u00ed lo inform\u00f3 la diputada federal Tania Cruz Santos.<\/p>\n\n\n\n<p>En entrevista afirm\u00f3 que ya se hizo la consulta a las comunidades afrodescendientes e ind\u00edgenas que no se realiz\u00f3 para la reforma de la Ley General de Educaci\u00f3n y que deb\u00eda contener el sentir de esas comunidades sobre sus necesidades b\u00e1sicas en materia educativa.<\/p>\n\n\n\n<p>&#8220;Fue un proceso que se omiti\u00f3 con la aprobaci\u00f3n de la Ley General de Educaci\u00f3n, se omiti\u00f3 este proceso, pero administrativamente, realmente el sentir de los pueblos y comunidades ind\u00edgenas m\u00e1s marginadas del pa\u00eds s\u00ed se contempla&#8221;, se\u00f1al\u00f3.<\/p>\n\n\n\n<p>Record\u00f3 que la consulta se hizo con base en lo que fall\u00f3 la Suprema Corte de Justicia de la Naci\u00f3n, pero s\u00ed se contemplan en los art\u00edculos 56, 57 y 58 las necesidades de dichos sectores en dicho ordenamiento legal.<\/p>\n\n\n\n<p>Cruz Santos reconoci\u00f3 que con base en esas consultas saben que una de las cosas que hace falta es la actualizaci\u00f3n para los maestros, pero tambi\u00e9n en el entorno de los educandos.<\/p>\n\n\n\n<p>&#8220;La era digital nos alcanz\u00f3, la digitalizaci\u00f3n tiene que llegar a esas comunidades m\u00e1s marginadas y, esto va de la mano con el proyecto del Presidente del internet para todos&#8221;, coment\u00f3.<\/p>\n\n\n\n<p>Por \u00faltimo en ese sentido, puntualiz\u00f3 que la secretaria de Educaci\u00f3n, Leticia Ram\u00edrez, les indic\u00f3 que por ah\u00ed de los meses de julio y agosto de este a\u00f1o podr\u00e1n aterrizar los proyectos de internet a las comunidades m\u00e1s apartadas, con el respaldo de la Comisi\u00f3n Federal de Electricidad.<\/p>\n","protected":false},"excerpt":{"rendered":"<p>Dar\u00edo Pale Xalapa, Ver.- Ahora s\u00ed se realiz\u00f3 la consulta a las comunidades afrodescendientes e ind\u00edgenas para reforma a la Ley General de Educaci\u00f3n, as\u00ed lo inform\u00f3 la diputada federal Tania Cruz Santos. En entrevista afirm\u00f3 que ya se hizo la consulta a las comunidades afrodescendientes e ind\u00edgenas que no se realiz\u00f3 para la reforma [&hellip;]<\/p>\n","protected":false},"author":2476,"featured_media":39192,"comment_status":"open","ping_status":"open","sticky":false,"template":"","format":"standard","meta":{"_jetpack_memberships_contains_paid_content":false,"footnotes":""},"categories":[2],"tags":[],"class_list":["post-39191","post","type-post","status-publish","format-standard","has-post-thumbnail","hentry","category-estado"],"jetpack_featured_media_url":"https:\/\/encuentroinformativo.com.mx\/wp-content\/uploads\/2023\/04\/IMG-20230411-WA0077.jpg","jetpack_sharing_enabled":true,"jetpack_likes_enabled":true,"amp_enabled":true,"_links":{"self":[{"href":"https:\/\/encuentroinformativo.com.mx\/index.php?rest_route=\/wp\/v2\/posts\/39191","targetHints":{"allow":["GET"]}}],"collection":[{"href":"https:\/\/encuentroinformativo.com.mx\/index.php?rest_route=\/wp\/v2\/posts"}],"about":[{"href":"https:\/\/encuentroinformativo.com.mx\/index.php?rest_route=\/wp\/v2\/types\/post"}],"author":[{"embeddable":true,"href":"https:\/\/encuentroinformativo.com.mx\/index.php?rest_route=\/wp\/v2\/users\/2476"}],"replies":[{"embeddable":true,"href":"https:\/\/encuentroinformativo.com.mx\/index.php?rest_route=%2Fwp%2Fv2%2Fcomments&post=39191"}],"version-history":[{"count":1,"href":"https:\/\/encuentroinformativo.com.mx\/index.php?rest_route=\/wp\/v2\/posts\/39191\/revisions"}],"predecessor-version":[{"id":39193,"href":"https:\/\/encuentroinformativo.com.mx\/index.php?rest_route=\/wp\/v2\/posts\/39191\/revisions\/39193"}],"wp:featuredmedia":[{"embeddable":true,"href":"https:\/\/encuentroinformativo.com.mx\/index.php?rest_route=\/wp\/v2\/media\/39192"}],"wp:attachment":[{"href":"https:\/\/encuentroinformativo.com.mx\/index.php?rest_route=%2Fwp%2Fv2%2Fmedia&parent=39191"}],"wp:term":[{"taxonomy":"category","embeddable":true,"href":"https:\/\/encuentroinformativo.com.mx\/index.php?rest_route=%2Fwp%2Fv2%2Fcategories&post=39191"},{"taxonomy":"post_tag","embeddable":true,"href":"https:\/\/encuentroinformativo.com.mx\/index.php?rest_route=%2Fwp%2Fv2%2Ftags&post=39191"}],"curies":[{"name":"wp","href":"https:\/\/api.w.org\/{rel}","templated":true}]}}