{"id":39194,"date":"2023-04-13T16:26:08","date_gmt":"2023-04-13T22:26:08","guid":{"rendered":"https:\/\/encuentroinformativo.com.mx\/?p=39194"},"modified":"2023-04-13T19:21:56","modified_gmt":"2023-04-14T01:21:56","slug":"por-presuntas-amenazas-denuncia-diputado-al-alcalde-de-medellin","status":"publish","type":"post","link":"https:\/\/encuentroinformativo.com.mx\/?p=39194","title":{"rendered":"Por presuntas amenazas, denuncia diputado al alcalde de Medell\u00edn"},"content":{"rendered":"\n<p><strong>Alejandro \u00c1vila<\/strong><\/p>\n\n\n\n<p>Veracruz, Ver.- Por presuntas amenazas e intimidaci\u00f3n a su persona, familiares y colaboradores, el diputado local Jos\u00e9 Magdaleno Rosales Torres present\u00f3 ante la Fiscal\u00eda General del Estado (FGE), denuncia penal en contra del presidente municipal de Medell\u00edn de Bravo, Marcos Isle\u00f1o, de quien se menciona habr\u00eda enviado a empleados y gente de su confianza a tratar de amedrentarlo, lo mismo afuera de su domicilio que en sus oficinas de enlace en dicha localidad.<\/p>\n\n\n\n<p>\u201cHago responsable a Marcos Isle\u00f1o de lo que me pueda pasar, de cualquier agresi\u00f3n a mis colaboradores y familiares, pues hemos constatado que ha enviado a personal de su administraci\u00f3n y a gente armada a vigilar mi domicilio, el de mis familiares y mi oficina de representaci\u00f3n\u201d, destac\u00f3.<\/p>\n\n\n\n<p>El legislador se\u00f1al\u00f3 que sus colaboradores tienen miedo de que les hagan algo, pues aseguran haber visto a sujetos que andan rondando las casas de algunos colaboradores; veh\u00edculos con personal del Ayuntamiento que trabaja con el Presidente Municipal, as\u00ed como a personas con antecedentes penales, que ya han estado en la c\u00e1rcel.<\/p>\n\n\n\n<p>Por ello, puntualiz\u00f3, &#8220;acud\u00ed a la Fiscal\u00eda General para proteger la integridad f\u00edsica de mis colaboradores, de mis familiares y de mi persona, solicitando se ejerza la ley en contra del edil y de sus empleados&#8221;.<\/p>\n\n\n\n<p>Atribuy\u00f3 estas acciones intimidatorias y amenazas mediante mensajes a su celular, a la lucha emprendida en contra del acuerdo del Presidente Municipal para favorecer a Inmobiliaria Medell\u00edn y&nbsp; otorgarle una concesi\u00f3n de agua para seguir abusando de las familias de los fraccionamientos de Puente Moreno y Lagos de Puente Moreno.<\/p>\n\n\n\n<p>As\u00ed como por su exigencia al presidente Marcos Isle\u00f1o y a su Cabildo para que se retiren del acuerdo con Grupo MAS, ya que con ello se quitar\u00eda un candado para avanzar en el tema jur\u00eddico para retirarle la concesi\u00f3n a dicha empresa de capital espa\u00f1ol, tras a\u00f1os de abusos a los usuarios e incumplimiento a los compromisos de inversi\u00f3n y modernizaci\u00f3n de instalaciones.<\/p>\n\n\n\n<p>&#8220;No estamos de acuerdo que funcionarios corruptos se asocien con empresarios corruptos y vengan a quitarle a la gente su derecho e imponerle que paguen m\u00e1s por el servicio de agua, que sigan siendo v\u00edctimas de los abusos, arbitrariedades y del uso de la fuerza p\u00fablica para privar del l\u00edquido a las familias.&nbsp;<\/p>\n\n\n\n<p>\u201cPrimero est\u00e1 el bienestar de nuestra gente, de nuestros representados; no vamos a dejar que esa gente corrupta se venga a hacer rica con el sufrimiento de nuestra gente\u201d, dijo.<\/p>\n\n\n\n<p>Maleno Rosales precis\u00f3 que, pese a estos actos intimidatorios y amenazas, no ceder\u00e1 en su lucha contra la privatizaci\u00f3n del servicio del agua en Puente Moreno y Lagos de Puente Moreno, porque la ciudadan\u00eda no lo merece.<\/p>\n\n\n\n<figure class=\"wp-block-image size-large\"><img loading=\"lazy\" decoding=\"async\" width=\"1024\" height=\"768\" src=\"https:\/\/encuentroinformativo.com.mx\/wp-content\/uploads\/2023\/04\/IMG-20230413-WA0050-1024x768.jpg\" alt=\"\" class=\"wp-image-39196\" srcset=\"https:\/\/encuentroinformativo.com.mx\/wp-content\/uploads\/2023\/04\/IMG-20230413-WA0050-1024x768.jpg 1024w, https:\/\/encuentroinformativo.com.mx\/wp-content\/uploads\/2023\/04\/IMG-20230413-WA0050-300x225.jpg 300w, https:\/\/encuentroinformativo.com.mx\/wp-content\/uploads\/2023\/04\/IMG-20230413-WA0050-768x576.jpg 768w, https:\/\/encuentroinformativo.com.mx\/wp-content\/uploads\/2023\/04\/IMG-20230413-WA0050.jpg 1280w\" sizes=\"auto, (max-width: 1024px) 100vw, 1024px\" \/><\/figure>\n\n\n\n<p><\/p>\n","protected":false},"excerpt":{"rendered":"<p>Alejandro \u00c1vila Veracruz, Ver.- Por presuntas amenazas e intimidaci\u00f3n a su persona, familiares y colaboradores, el diputado local Jos\u00e9 Magdaleno Rosales Torres present\u00f3 ante la Fiscal\u00eda General del Estado (FGE), denuncia penal en contra del presidente municipal de Medell\u00edn de Bravo, Marcos Isle\u00f1o, de quien se menciona habr\u00eda enviado a empleados y gente de su [&hellip;]<\/p>\n","protected":false},"author":2476,"featured_media":39195,"comment_status":"open","ping_status":"open","sticky":false,"template":"","format":"standard","meta":{"_jetpack_memberships_contains_paid_content":false,"footnotes":""},"categories":[2],"tags":[],"class_list":["post-39194","post","type-post","status-publish","format-standard","has-post-thumbnail","hentry","category-estado"],"jetpack_featured_media_url":"https:\/\/encuentroinformativo.com.mx\/wp-content\/uploads\/2023\/04\/IMG-20230413-WA00502.jpg","jetpack_sharing_enabled":true,"jetpack_likes_enabled":true,"amp_enabled":true,"_links":{"self":[{"href":"https:\/\/encuentroinformativo.com.mx\/index.php?rest_route=\/wp\/v2\/posts\/39194","targetHints":{"allow":["GET"]}}],"collection":[{"href":"https:\/\/encuentroinformativo.com.mx\/index.php?rest_route=\/wp\/v2\/posts"}],"about":[{"href":"https:\/\/encuentroinformativo.com.mx\/index.php?rest_route=\/wp\/v2\/types\/post"}],"author":[{"embeddable":true,"href":"https:\/\/encuentroinformativo.com.mx\/index.php?rest_route=\/wp\/v2\/users\/2476"}],"replies":[{"embeddable":true,"href":"https:\/\/encuentroinformativo.com.mx\/index.php?rest_route=%2Fwp%2Fv2%2Fcomments&post=39194"}],"version-history":[{"count":2,"href":"https:\/\/encuentroinformativo.com.mx\/index.php?rest_route=\/wp\/v2\/posts\/39194\/revisions"}],"predecessor-version":[{"id":39202,"href":"https:\/\/encuentroinformativo.com.mx\/index.php?rest_route=\/wp\/v2\/posts\/39194\/revisions\/39202"}],"wp:featuredmedia":[{"embeddable":true,"href":"https:\/\/encuentroinformativo.com.mx\/index.php?rest_route=\/wp\/v2\/media\/39195"}],"wp:attachment":[{"href":"https:\/\/encuentroinformativo.com.mx\/index.php?rest_route=%2Fwp%2Fv2%2Fmedia&parent=39194"}],"wp:term":[{"taxonomy":"category","embeddable":true,"href":"https:\/\/encuentroinformativo.com.mx\/index.php?rest_route=%2Fwp%2Fv2%2Fcategories&post=39194"},{"taxonomy":"post_tag","embeddable":true,"href":"https:\/\/encuentroinformativo.com.mx\/index.php?rest_route=%2Fwp%2Fv2%2Ftags&post=39194"}],"curies":[{"name":"wp","href":"https:\/\/api.w.org\/{rel}","templated":true}]}}