{"id":39198,"date":"2023-04-13T19:21:18","date_gmt":"2023-04-14T01:21:18","guid":{"rendered":"https:\/\/encuentroinformativo.com.mx\/?p=39198"},"modified":"2023-04-13T19:21:22","modified_gmt":"2023-04-14T01:21:22","slug":"por-reclamar-sus-derechos-acusan-despidos-en-la-upav","status":"publish","type":"post","link":"https:\/\/encuentroinformativo.com.mx\/?p=39198","title":{"rendered":"Por reclamar sus derechos, acusan despidos en la UPAV"},"content":{"rendered":"\n<p><strong>Dar\u00edo Pale <\/strong><\/p>\n\n\n\n<p>Xalapa, Ver.- Integrantes de la Asociaci\u00f3n de Acad\u00e9micos, Administrativos y Docentes de la UPAV A.C., se manifestaron en la Plaza Lerdo para reclamar la restituci\u00f3n de docentes y fundadores de dicha instituci\u00f3n as\u00ed como la autonom\u00eda.\u00a0<\/p>\n\n\n\n<p>Entrevistado durante la manifestaci\u00f3n Lenin Torres Antonio, director de la licenciatura en Ciencias Pol\u00edticas de la Universidad Popular Aut\u00f3noma de Veracruz (UPAV), dijo que desde enero de este a\u00f1o comenzaron a amenazarlos y despedirlos por exigir la autonom\u00eda de esta universidad.<\/p>\n\n\n\n<p>Precis\u00f3 que son 15 trabajadores administrativos y 10 directores de licenciaturas los que fueron despedidos, &#8220;yo fui despedido por este gobierno porque me manifest\u00e9 aqu\u00ed por la autonom\u00eda de la UPAV&#8221;.\u00a0<\/p>\n\n\n\n<p>Dijo que los docentes no cuentan con prestaciones o derechos porque est\u00e1n contratados por fuera a trav\u00e9s de una outsourcing.<\/p>\n\n\n\n<p>&#8220;Nos toman como si fu\u00e9ramos trabajadores manuales o de limpieza, auxiliares. Nunca nos han reconocido nuestro car\u00e1cter de docentes de carrera y por lo tanto las prestaciones que pudi\u00e9ramos tener como aguinaldo, seguro facultativo, vacaciones, etc\u00e9tera no existen&#8221;, se\u00f1al\u00f3.<\/p>\n\n\n\n<p>Durante la manifestaci\u00f3n frente al palacio de Gobierno asegur\u00f3 que a partir de este jueves se manifestar\u00e1n todas las tardes hasta ser escuchados por el gobernador Cuitl\u00e1huac Garc\u00eda Jim\u00e9nez.&nbsp;<\/p>\n\n\n\n<p>De igual forma dio a conocer que interpondr\u00e1n una queja ante la Comisi\u00f3n Nacional de los Derechos Humanos y una demanda ante el Poder Judicial para que sean atendidos estos casos.<\/p>\n\n\n\n<p>&#8220;Por eso estamos aqu\u00ed, para exigir al gobernador del estado, Ingeniero Cuitl\u00e1huac Garc\u00eda Jim\u00e9nez, alto a esa represi\u00f3n Irracional, a esa represi\u00f3n absurda, a esa actitud tendenciosa y cobarde, que bajo el cobijo del poder reprimen a los m\u00e1s d\u00e9biles, a los que no pueden defenderse porque necesitan el trabajo y tienen que someterse a la voluntad de los intereses partidistas&#8221;, coment\u00f3.<\/p>\n\n\n\n<p>&#8220;Por eso seguimos diciendo que Veracruz se est\u00e1 reeditando bajo una falsa ret\u00f3rica progresista las practicas m\u00e1s viles prianistas que tanto da\u00f1o han causado a M\u00e9xico y a Veracruz&#8221;, agreg\u00f3.<\/p>\n\n\n\n<p>Finalmente se\u00f1alaron que exigen la restituci\u00f3n inmediata de los puestos de trabajo de las personas despedidas injustificadamente, tanto administrativos, docentes, como directores, adem\u00e1s una auditor\u00eda inmediata a la UPAV, cuando menos de estos \u00faltimos 4 a\u00f1os, y nos informen donde han parado los recursos y que sean castigados los que hayan robado.<\/p>\n\n\n\n<figure class=\"wp-block-image size-large\"><img loading=\"lazy\" decoding=\"async\" width=\"1024\" height=\"768\" src=\"https:\/\/encuentroinformativo.com.mx\/wp-content\/uploads\/2023\/04\/IMG-20230413-WA0066-1024x768.jpg\" alt=\"\" class=\"wp-image-39200\" srcset=\"https:\/\/encuentroinformativo.com.mx\/wp-content\/uploads\/2023\/04\/IMG-20230413-WA0066-1024x768.jpg 1024w, https:\/\/encuentroinformativo.com.mx\/wp-content\/uploads\/2023\/04\/IMG-20230413-WA0066-300x225.jpg 300w, https:\/\/encuentroinformativo.com.mx\/wp-content\/uploads\/2023\/04\/IMG-20230413-WA0066-768x576.jpg 768w, https:\/\/encuentroinformativo.com.mx\/wp-content\/uploads\/2023\/04\/IMG-20230413-WA0066.jpg 1280w\" sizes=\"auto, (max-width: 1024px) 100vw, 1024px\" \/><\/figure>\n","protected":false},"excerpt":{"rendered":"<p>Dar\u00edo Pale Xalapa, Ver.- Integrantes de la Asociaci\u00f3n de Acad\u00e9micos, Administrativos y Docentes de la UPAV A.C., se manifestaron en la Plaza Lerdo para reclamar la restituci\u00f3n de docentes y fundadores de dicha instituci\u00f3n as\u00ed como la autonom\u00eda.\u00a0 Entrevistado durante la manifestaci\u00f3n Lenin Torres Antonio, director de la licenciatura en Ciencias Pol\u00edticas de la Universidad [&hellip;]<\/p>\n","protected":false},"author":2476,"featured_media":39199,"comment_status":"open","ping_status":"open","sticky":false,"template":"","format":"standard","meta":{"_jetpack_memberships_contains_paid_content":false,"footnotes":""},"categories":[3],"tags":[],"class_list":["post-39198","post","type-post","status-publish","format-standard","has-post-thumbnail","hentry","category-xalapa"],"jetpack_featured_media_url":"https:\/\/encuentroinformativo.com.mx\/wp-content\/uploads\/2023\/04\/IMG-20230413-WA0055.jpg","jetpack_sharing_enabled":true,"jetpack_likes_enabled":true,"amp_enabled":true,"_links":{"self":[{"href":"https:\/\/encuentroinformativo.com.mx\/index.php?rest_route=\/wp\/v2\/posts\/39198","targetHints":{"allow":["GET"]}}],"collection":[{"href":"https:\/\/encuentroinformativo.com.mx\/index.php?rest_route=\/wp\/v2\/posts"}],"about":[{"href":"https:\/\/encuentroinformativo.com.mx\/index.php?rest_route=\/wp\/v2\/types\/post"}],"author":[{"embeddable":true,"href":"https:\/\/encuentroinformativo.com.mx\/index.php?rest_route=\/wp\/v2\/users\/2476"}],"replies":[{"embeddable":true,"href":"https:\/\/encuentroinformativo.com.mx\/index.php?rest_route=%2Fwp%2Fv2%2Fcomments&post=39198"}],"version-history":[{"count":1,"href":"https:\/\/encuentroinformativo.com.mx\/index.php?rest_route=\/wp\/v2\/posts\/39198\/revisions"}],"predecessor-version":[{"id":39201,"href":"https:\/\/encuentroinformativo.com.mx\/index.php?rest_route=\/wp\/v2\/posts\/39198\/revisions\/39201"}],"wp:featuredmedia":[{"embeddable":true,"href":"https:\/\/encuentroinformativo.com.mx\/index.php?rest_route=\/wp\/v2\/media\/39199"}],"wp:attachment":[{"href":"https:\/\/encuentroinformativo.com.mx\/index.php?rest_route=%2Fwp%2Fv2%2Fmedia&parent=39198"}],"wp:term":[{"taxonomy":"category","embeddable":true,"href":"https:\/\/encuentroinformativo.com.mx\/index.php?rest_route=%2Fwp%2Fv2%2Fcategories&post=39198"},{"taxonomy":"post_tag","embeddable":true,"href":"https:\/\/encuentroinformativo.com.mx\/index.php?rest_route=%2Fwp%2Fv2%2Ftags&post=39198"}],"curies":[{"name":"wp","href":"https:\/\/api.w.org\/{rel}","templated":true}]}}