{"id":392,"date":"2020-03-04T15:55:49","date_gmt":"2020-03-04T15:55:49","guid":{"rendered":"https:\/\/encuentroinformativo.com\/?p=392"},"modified":"2020-03-04T15:55:49","modified_gmt":"2020-03-04T15:55:49","slug":"por-incumplir-acuerdos-padres-toman-de-nuevo-la-tecnica-128","status":"publish","type":"post","link":"https:\/\/encuentroinformativo.com.mx\/?p=392","title":{"rendered":"Por incumplir acuerdos, padres toman de nuevo la T\u00e9cnica 128"},"content":{"rendered":"\n<p><strong>Juan Arcos<\/strong><\/p>\n\n\n\n<p>Xalapa, Ver.- Madres y padres de familia tomaron por segunda vez la Escuela Secundaria T\u00e9cnica Industrial n\u00famero 128 para exigir la asignaci\u00f3n de profesores.<\/p>\n\n\n\n<p>El pasado 20 de febrero protestaron para que les asignaran 17 maestros para el ciclo escolar 2019-2020.<\/p>\n\n\n\n<p>La Secretar\u00eda de Educaci\u00f3n de Veracruz (SEV) otorg\u00f3 cinco nombramientos y se comprometi\u00f3 a que los otros 12 se concretar\u00edan a m\u00e1s tardar el 27 de febrero.<\/p>\n\n\n\n<p>De acuerdo con Yolanda Contreras, una de los inconformes, las autoridades educativas no cumplieron y, por ello, los pap\u00e1s decidieron tomar nuevamente el plantel, ubicado sobre la calle Tepic de la colonia Inmecaf\u00e9.<\/p>\n\n\n\n<p>La escuela necesita docentes para las materias de Espa\u00f1ol, Matem\u00e1ticas, Ingl\u00e9s, Artes e Historia; tambi\u00e9n carece de M\u00e9dico Escolar.<\/p>\n\n\n\n<p>\u201cAqu\u00ed lo preocupante es que hab\u00eda materias de mucha relevancia como es Espa\u00f1ol y Matem\u00e1ticas, es educaci\u00f3n b\u00e1sica que los ni\u00f1os no est\u00e1n teniendo y ahorita ya vamos para siete meses sin esta educaci\u00f3n, este servicio y este derecho que le corresponde a nuestros educandos para irse formando\u201d, expres\u00f3 la entrevistada.<\/p>\n\n\n\n<p>Los quejosos mostraron un documento firmado por Isaac Gonz\u00e1lez, subdirector de Escuelas Secundarias T\u00e9cnicas; Osvaldo Aburto, jefe de tr\u00e1mites y supervisi\u00f3n; V\u00edctor L\u00f3pez, jefe de la oficina de admisi\u00f3n y direcci\u00f3n de Recursos Humanos; y Nemesio Dom\u00ednguez Rodr\u00edguez, auxiliar del departamento normativo.<\/p>\n\n\n\n<p>Todos ellos se hab\u00edan comprometido a atender las necesidades de la escuela secundaria. La falta de maestros es un problema que se ha presentado en el lugar desde hace casi siete meses.<\/p>\n\n\n\n<p>Las madres y los padres de familia amagaron con emprender medidas m\u00e1s dr\u00e1sticas y bloquear vialidades en caso de que sus demandas sigan sin atenderse por parte de la SEV.<\/p>\n","protected":false},"excerpt":{"rendered":"<p>Juan Arcos Xalapa, Ver.- Madres y padres de familia tomaron por segunda vez la Escuela Secundaria T\u00e9cnica Industrial n\u00famero 128 para exigir la asignaci\u00f3n de profesores. El pasado 20 de febrero protestaron para que les asignaran 17 maestros para el ciclo escolar 2019-2020. La Secretar\u00eda de Educaci\u00f3n de Veracruz (SEV) otorg\u00f3 cinco nombramientos y se [&hellip;]<\/p>\n","protected":false},"author":1,"featured_media":393,"comment_status":"open","ping_status":"open","sticky":false,"template":"","format":"standard","meta":{"_jetpack_memberships_contains_paid_content":false,"footnotes":""},"categories":[3],"tags":[],"class_list":["post-392","post","type-post","status-publish","format-standard","has-post-thumbnail","hentry","category-xalapa"],"jetpack_featured_media_url":"https:\/\/encuentroinformativo.com.mx\/wp-content\/uploads\/2020\/03\/FC6AA9DC-959F-4EAB-A6E0-72AD5DDAEC51.jpeg","jetpack_sharing_enabled":true,"jetpack_likes_enabled":true,"amp_enabled":true,"_links":{"self":[{"href":"https:\/\/encuentroinformativo.com.mx\/index.php?rest_route=\/wp\/v2\/posts\/392","targetHints":{"allow":["GET"]}}],"collection":[{"href":"https:\/\/encuentroinformativo.com.mx\/index.php?rest_route=\/wp\/v2\/posts"}],"about":[{"href":"https:\/\/encuentroinformativo.com.mx\/index.php?rest_route=\/wp\/v2\/types\/post"}],"author":[{"embeddable":true,"href":"https:\/\/encuentroinformativo.com.mx\/index.php?rest_route=\/wp\/v2\/users\/1"}],"replies":[{"embeddable":true,"href":"https:\/\/encuentroinformativo.com.mx\/index.php?rest_route=%2Fwp%2Fv2%2Fcomments&post=392"}],"version-history":[{"count":1,"href":"https:\/\/encuentroinformativo.com.mx\/index.php?rest_route=\/wp\/v2\/posts\/392\/revisions"}],"predecessor-version":[{"id":394,"href":"https:\/\/encuentroinformativo.com.mx\/index.php?rest_route=\/wp\/v2\/posts\/392\/revisions\/394"}],"wp:featuredmedia":[{"embeddable":true,"href":"https:\/\/encuentroinformativo.com.mx\/index.php?rest_route=\/wp\/v2\/media\/393"}],"wp:attachment":[{"href":"https:\/\/encuentroinformativo.com.mx\/index.php?rest_route=%2Fwp%2Fv2%2Fmedia&parent=392"}],"wp:term":[{"taxonomy":"category","embeddable":true,"href":"https:\/\/encuentroinformativo.com.mx\/index.php?rest_route=%2Fwp%2Fv2%2Fcategories&post=392"},{"taxonomy":"post_tag","embeddable":true,"href":"https:\/\/encuentroinformativo.com.mx\/index.php?rest_route=%2Fwp%2Fv2%2Ftags&post=392"}],"curies":[{"name":"wp","href":"https:\/\/api.w.org\/{rel}","templated":true}]}}