{"id":39208,"date":"2023-04-14T09:54:33","date_gmt":"2023-04-14T15:54:33","guid":{"rendered":"https:\/\/encuentroinformativo.com.mx\/?p=39208"},"modified":"2023-04-14T09:54:37","modified_gmt":"2023-04-14T15:54:37","slug":"la-chamba-de-manuel-huerta","status":"publish","type":"post","link":"https:\/\/encuentroinformativo.com.mx\/?p=39208","title":{"rendered":"LA CHAMBA DE MANUEL HUERTA"},"content":{"rendered":"\n<p><strong>Los Pol\u00edticos<\/strong><\/p>\n\n\n\n<p><strong>Salvador Mu\u00f1oz<\/strong><\/p>\n\n\n\n<p>Sigo sin entender c\u00f3mo es que los seguidores de Javier Herrera Borunda creen que Morena les ceda una senadur\u00eda para el cachorro de Fidel Herrera Beltr\u00e1n, digo porque en el partido en el Poder, tranquilamente hay m\u00ednimo cuatro varones que pudieran decirse \u201cmerecedores\u201d de la candidatura, como podr\u00eda ser Zenyazen Escobar Garc\u00eda, titular de la SEV; o bien, Juan Javier G\u00f3mez Cazar\u00edn, diputado y presidente de la Jucopo en el Congreso local; el secretario de Promoci\u00f3n de Imagen (su imagen), Eric Cisneros Burgos;&nbsp; Manuel Huerta Ladr\u00f3n de Guevara, delegado de Bienestar.<\/p>\n\n\n\n<p>Cada uno de estos cuatro personajes, de un modo u otro, trabajan a lo largo y ancho del Estado no s\u00f3lo con militantes y simpatizantes de Morena, sino tambi\u00e9n con personas que bien pueden tener afinidad con alg\u00fan otro partido o no, lo que les da hasta cierto punto lo que se conoce como \u201cBa\u00f1o de Pueblo\u201d.<\/p>\n\n\n\n<p>Por supuesto, en donde apuestan las canicas los seguidores de Javier Herrera, es en la suposici\u00f3n pol\u00edtica que marca que la candidatura por la Gubernatura as\u00ed como las del Senado son decisiones que se toman en el Palacio Nacional, y entonces all\u00e1, con los buenos oficios que el G\u00fcero Manuel Velasco Coello tiene, le haga el favor el Presidente en pos de su empleado.<\/p>\n\n\n\n<p>La supuesta candidatura implicar\u00eda que por el lado de Morena, quien fuera la candidata, tendr\u00eda que hacer la chamba para Javier, quien s\u00f3lo se conoce por el apellido del padre, porque trabajo por Veracruz, nada.<\/p>\n\n\n\n<p>Y si a ello se le suma el \u201cchoucito\u201d que acaba de hacer el PVEM en Veracruz de sacar a la \u00fanica dirigente mujer de un partido en la entidad, para poner a quien no le salieron las cuentas y est\u00e1 bajo la sospecha de que \u201cse llev\u00f3 al baile\u201d los recursos del Verde, como que no cuadra ese \u201csupuesto\u201d apoyo que el partido da a las mujeres ni tampoco en la transparencia de su quehacer pol\u00edtico.<\/p>\n\n\n\n<p>Pero hay que ver tambi\u00e9n el papel&nbsp; de los otros morenos, los que citamos al principio. Creo que a todos nos queda claro que ni Zenyazen, Bola 8, Cazar\u00edn, se llevan de piquete de ombligo con el Presidente como es el caso de Manuel Huerta Ladr\u00f3n de Guevara.<\/p>\n\n\n\n<p>Manuel es un viejo lobo de mar, con colmillo retorcido, con experiencias legislativa y pol\u00edtica que le permiten no caer en el rid\u00edculo con sus declaraciones ante los medios, como uno de los antes citados\u2026<\/p>\n\n\n\n<p>Y si bien es cierto que Manuel le tira a la Gubernatura, en una de \u00e9sas su tirada es apostarle a una para llevarse la otra.<\/p>\n\n\n\n<p>Creo que a todos nos queda claro que en pol\u00edtica y m\u00e1s en los tiempos de la Cuarta Transformaci\u00f3n, no hay imposibles. No es nada nuevo ni un invento de Morena premiar la vulgaridad sobre el arte y en una de \u00e9sas, le concedan al hijo de Fidel Herrera una pluri\u2026<\/p>\n\n\n\n<p>Y mientras se \u201cdisputan\u201d las candidaturas a la Gubernatura y al Senado, es seguro que ya haya quien est\u00e9 trabajando por ocupar, en una de \u00e9sas, la chamba que dejar\u00e1 Manuel Huerta\u2026 pero de eso, hablaremos en otra ocasi\u00f3n.<\/p>\n","protected":false},"excerpt":{"rendered":"<p>Los Pol\u00edticos Salvador Mu\u00f1oz Sigo sin entender c\u00f3mo es que los seguidores de Javier Herrera Borunda creen que Morena les ceda una senadur\u00eda para el cachorro de Fidel Herrera Beltr\u00e1n, digo porque en el partido en el Poder, tranquilamente hay m\u00ednimo cuatro varones que pudieran decirse \u201cmerecedores\u201d de la candidatura, como podr\u00eda ser Zenyazen Escobar [&hellip;]<\/p>\n","protected":false},"author":2476,"featured_media":387,"comment_status":"open","ping_status":"open","sticky":false,"template":"","format":"standard","meta":{"_jetpack_memberships_contains_paid_content":false,"footnotes":""},"categories":[11],"tags":[],"class_list":["post-39208","post","type-post","status-publish","format-standard","has-post-thumbnail","hentry","category-opinion"],"jetpack_featured_media_url":"https:\/\/encuentroinformativo.com.mx\/wp-content\/uploads\/2020\/03\/7CF8A22B-2764-47BE-8F7F-38FE9E5D6A2F.jpeg","jetpack_sharing_enabled":true,"jetpack_likes_enabled":true,"amp_enabled":true,"_links":{"self":[{"href":"https:\/\/encuentroinformativo.com.mx\/index.php?rest_route=\/wp\/v2\/posts\/39208","targetHints":{"allow":["GET"]}}],"collection":[{"href":"https:\/\/encuentroinformativo.com.mx\/index.php?rest_route=\/wp\/v2\/posts"}],"about":[{"href":"https:\/\/encuentroinformativo.com.mx\/index.php?rest_route=\/wp\/v2\/types\/post"}],"author":[{"embeddable":true,"href":"https:\/\/encuentroinformativo.com.mx\/index.php?rest_route=\/wp\/v2\/users\/2476"}],"replies":[{"embeddable":true,"href":"https:\/\/encuentroinformativo.com.mx\/index.php?rest_route=%2Fwp%2Fv2%2Fcomments&post=39208"}],"version-history":[{"count":1,"href":"https:\/\/encuentroinformativo.com.mx\/index.php?rest_route=\/wp\/v2\/posts\/39208\/revisions"}],"predecessor-version":[{"id":39209,"href":"https:\/\/encuentroinformativo.com.mx\/index.php?rest_route=\/wp\/v2\/posts\/39208\/revisions\/39209"}],"wp:featuredmedia":[{"embeddable":true,"href":"https:\/\/encuentroinformativo.com.mx\/index.php?rest_route=\/wp\/v2\/media\/387"}],"wp:attachment":[{"href":"https:\/\/encuentroinformativo.com.mx\/index.php?rest_route=%2Fwp%2Fv2%2Fmedia&parent=39208"}],"wp:term":[{"taxonomy":"category","embeddable":true,"href":"https:\/\/encuentroinformativo.com.mx\/index.php?rest_route=%2Fwp%2Fv2%2Fcategories&post=39208"},{"taxonomy":"post_tag","embeddable":true,"href":"https:\/\/encuentroinformativo.com.mx\/index.php?rest_route=%2Fwp%2Fv2%2Ftags&post=39208"}],"curies":[{"name":"wp","href":"https:\/\/api.w.org\/{rel}","templated":true}]}}