{"id":3921,"date":"2020-07-07T13:06:23","date_gmt":"2020-07-07T18:06:23","guid":{"rendered":"https:\/\/encuentroinformativo.com\/?p=3921"},"modified":"2020-07-07T13:06:25","modified_gmt":"2020-07-07T18:06:25","slug":"desconoce-delegado-que-funcionarios-no-cuenten-con-cedula-profesional","status":"publish","type":"post","link":"https:\/\/encuentroinformativo.com.mx\/?p=3921","title":{"rendered":"Desconoce delegado que funcionarios no cuenten con c\u00e9dula profesional"},"content":{"rendered":"\n<p><strong>Dar\u00edo Pale <\/strong><\/p>\n\n\n\n<p>Xalapa, Ver.- El deleh ado del Bienestar en Veracruz Manuel Huerta Ladron de Guevara coment\u00f3 \u201cno s\u00e9 ni de quien me hablas pero est\u00e1n los \u00f3rganos internos de control y los juzgados dispuestos para cualquier cosa\u201d por los se\u00f1alamientos de los funcionarios sin c\u00e9dula profesional.<\/p>\n\n\n\n<p>Entrevistado en las afueras de palacio de gobierno dio a conocer que todos los programas de bienestar van muy bien van avanzando en tiempo y forma.<\/p>\n\n\n\n<p>En cuanto a los se\u00f1alamientos que han realizado en contra de los funcionarios de Bienestar, se\u00f1al\u00f3 que es el derecho de los ciudadanos criticar, pero mientras no se infrinja la ley todo est\u00e1 bien.<\/p>\n\n\n\n<p>En lo que se refiere a las c\u00e9dulas profesionales dijo \u201cno s\u00e9 ni de quien me hablas pero est\u00e1n los \u00f3rganos internos de control y los juzgados dispuestos para cualquier cosa\u201d.<\/p>\n\n\n\n<p>En otro orden de ideas, en cuanto al informe del gobernador del estado coment\u00f3 que m\u00e1s que un informe es una actualizaci\u00f3n de informaci\u00f3n a los ciudadanos y es un ejercicio democr\u00e1tico que antes no se hac\u00edan y con esto se le informa a la ciudadan\u00eda de lo que se est\u00e1 haciendo.<\/p>\n\n\n\n<p>Finalmente dio a conocer que no se le hace incoherente que quien est\u00e1 haciendo un informe como lo hace el gobernador es muy bueno lo que hace.<\/p>\n\n\n\n<p><\/p>\n","protected":false},"excerpt":{"rendered":"<p>Dar\u00edo Pale Xalapa, Ver.- El deleh ado del Bienestar en Veracruz Manuel Huerta Ladron de Guevara coment\u00f3 \u201cno s\u00e9 ni de quien me hablas pero est\u00e1n los \u00f3rganos internos de control y los juzgados dispuestos para cualquier cosa\u201d por los se\u00f1alamientos de los funcionarios sin c\u00e9dula profesional. Entrevistado en las afueras de palacio de gobierno [&hellip;]<\/p>\n","protected":false},"author":1,"featured_media":3922,"comment_status":"open","ping_status":"open","sticky":false,"template":"","format":"standard","meta":{"_jetpack_memberships_contains_paid_content":false,"footnotes":""},"categories":[2],"tags":[],"class_list":["post-3921","post","type-post","status-publish","format-standard","has-post-thumbnail","hentry","category-estado"],"jetpack_featured_media_url":"https:\/\/encuentroinformativo.com.mx\/wp-content\/uploads\/2020\/07\/01F60C4D-5757-4D2A-B79A-B83117359F15.jpeg","jetpack_sharing_enabled":true,"jetpack_likes_enabled":true,"amp_enabled":true,"_links":{"self":[{"href":"https:\/\/encuentroinformativo.com.mx\/index.php?rest_route=\/wp\/v2\/posts\/3921","targetHints":{"allow":["GET"]}}],"collection":[{"href":"https:\/\/encuentroinformativo.com.mx\/index.php?rest_route=\/wp\/v2\/posts"}],"about":[{"href":"https:\/\/encuentroinformativo.com.mx\/index.php?rest_route=\/wp\/v2\/types\/post"}],"author":[{"embeddable":true,"href":"https:\/\/encuentroinformativo.com.mx\/index.php?rest_route=\/wp\/v2\/users\/1"}],"replies":[{"embeddable":true,"href":"https:\/\/encuentroinformativo.com.mx\/index.php?rest_route=%2Fwp%2Fv2%2Fcomments&post=3921"}],"version-history":[{"count":1,"href":"https:\/\/encuentroinformativo.com.mx\/index.php?rest_route=\/wp\/v2\/posts\/3921\/revisions"}],"predecessor-version":[{"id":3923,"href":"https:\/\/encuentroinformativo.com.mx\/index.php?rest_route=\/wp\/v2\/posts\/3921\/revisions\/3923"}],"wp:featuredmedia":[{"embeddable":true,"href":"https:\/\/encuentroinformativo.com.mx\/index.php?rest_route=\/wp\/v2\/media\/3922"}],"wp:attachment":[{"href":"https:\/\/encuentroinformativo.com.mx\/index.php?rest_route=%2Fwp%2Fv2%2Fmedia&parent=3921"}],"wp:term":[{"taxonomy":"category","embeddable":true,"href":"https:\/\/encuentroinformativo.com.mx\/index.php?rest_route=%2Fwp%2Fv2%2Fcategories&post=3921"},{"taxonomy":"post_tag","embeddable":true,"href":"https:\/\/encuentroinformativo.com.mx\/index.php?rest_route=%2Fwp%2Fv2%2Ftags&post=3921"}],"curies":[{"name":"wp","href":"https:\/\/api.w.org\/{rel}","templated":true}]}}