{"id":39212,"date":"2023-04-14T11:27:14","date_gmt":"2023-04-14T17:27:14","guid":{"rendered":"https:\/\/encuentroinformativo.com.mx\/?p=39212"},"modified":"2023-04-14T11:27:18","modified_gmt":"2023-04-14T17:27:18","slug":"confirma-amlo-desaparicion-de-notimex","status":"publish","type":"post","link":"https:\/\/encuentroinformativo.com.mx\/?p=39212","title":{"rendered":"Confirma AMLO desaparici\u00f3n de Notimex"},"content":{"rendered":"\n<p><strong>Redacci\u00f3n<\/strong><\/p>\n\n\n\n<p>Ciudad de M\u00e9xico.- El presidente Andr\u00e9s Manuel L\u00f3pez Obrador confirm\u00f3 la desaparici\u00f3n de la agencia Notimex.<\/p>\n\n\n\n<p>En su conferencia ma\u00f1anera, el ejecutivo federal confirm\u00f3 el anunci\u00f3 que hab\u00eda adelantado el senador Ricardo Monreal, sobre la desaparici\u00f3n de la agencia de noticias; al tiempo que afirm\u00f3 no se necesita porque existen \u201clas ma\u00f1aneras\u201d.<\/p>\n\n\n\n<p>\u201cSe est\u00e1 llegando a un acuerdo, porque la verdad, nosotros no necesitamos una agencia de noticias en el gobierno, eso era de la \u00e9poca de los boletines y de la prensa oficial y oficiosa, ya no hay eso. Adem\u00e1s tambi\u00e9n desde que entramos hay un conflicto laboral, pero no es algo que nos haga falta como gobierno, tenemos la ma\u00f1anera aunque no les guste\u201d.<\/p>\n\n\n\n<p>Todav\u00eda se van a reunir, dijo, pero desde luego se protege a todos los trabajadores, ya que no exista eso.<\/p>\n\n\n\n<p>L\u00f3pez Obrador dijo que buscar\u00e1n llegar a acuerdo con los trabajadores para cubrir las liquidaciones correspondientes, al tiempo que reiter\u00f3 su apoyo a Sanjuana Mart\u00ednez por considerarla \u201cuna buena periodista\u201d.<\/p>\n","protected":false},"excerpt":{"rendered":"<p>Redacci\u00f3n Ciudad de M\u00e9xico.- El presidente Andr\u00e9s Manuel L\u00f3pez Obrador confirm\u00f3 la desaparici\u00f3n de la agencia Notimex. En su conferencia ma\u00f1anera, el ejecutivo federal confirm\u00f3 el anunci\u00f3 que hab\u00eda adelantado el senador Ricardo Monreal, sobre la desaparici\u00f3n de la agencia de noticias; al tiempo que afirm\u00f3 no se necesita porque existen \u201clas ma\u00f1aneras\u201d. \u201cSe est\u00e1 [&hellip;]<\/p>\n","protected":false},"author":2476,"featured_media":10861,"comment_status":"open","ping_status":"open","sticky":false,"template":"","format":"standard","meta":{"_jetpack_memberships_contains_paid_content":false,"footnotes":""},"categories":[12],"tags":[],"class_list":["post-39212","post","type-post","status-publish","format-standard","has-post-thumbnail","hentry","category-nacional"],"jetpack_featured_media_url":"https:\/\/encuentroinformativo.com.mx\/wp-content\/uploads\/2021\/02\/294C3541-DEF7-46A6-94FD-FFDCABEB1C1A.jpeg","jetpack_sharing_enabled":true,"jetpack_likes_enabled":true,"amp_enabled":true,"_links":{"self":[{"href":"https:\/\/encuentroinformativo.com.mx\/index.php?rest_route=\/wp\/v2\/posts\/39212","targetHints":{"allow":["GET"]}}],"collection":[{"href":"https:\/\/encuentroinformativo.com.mx\/index.php?rest_route=\/wp\/v2\/posts"}],"about":[{"href":"https:\/\/encuentroinformativo.com.mx\/index.php?rest_route=\/wp\/v2\/types\/post"}],"author":[{"embeddable":true,"href":"https:\/\/encuentroinformativo.com.mx\/index.php?rest_route=\/wp\/v2\/users\/2476"}],"replies":[{"embeddable":true,"href":"https:\/\/encuentroinformativo.com.mx\/index.php?rest_route=%2Fwp%2Fv2%2Fcomments&post=39212"}],"version-history":[{"count":1,"href":"https:\/\/encuentroinformativo.com.mx\/index.php?rest_route=\/wp\/v2\/posts\/39212\/revisions"}],"predecessor-version":[{"id":39213,"href":"https:\/\/encuentroinformativo.com.mx\/index.php?rest_route=\/wp\/v2\/posts\/39212\/revisions\/39213"}],"wp:featuredmedia":[{"embeddable":true,"href":"https:\/\/encuentroinformativo.com.mx\/index.php?rest_route=\/wp\/v2\/media\/10861"}],"wp:attachment":[{"href":"https:\/\/encuentroinformativo.com.mx\/index.php?rest_route=%2Fwp%2Fv2%2Fmedia&parent=39212"}],"wp:term":[{"taxonomy":"category","embeddable":true,"href":"https:\/\/encuentroinformativo.com.mx\/index.php?rest_route=%2Fwp%2Fv2%2Fcategories&post=39212"},{"taxonomy":"post_tag","embeddable":true,"href":"https:\/\/encuentroinformativo.com.mx\/index.php?rest_route=%2Fwp%2Fv2%2Ftags&post=39212"}],"curies":[{"name":"wp","href":"https:\/\/api.w.org\/{rel}","templated":true}]}}