{"id":39220,"date":"2023-04-14T13:08:39","date_gmt":"2023-04-14T19:08:39","guid":{"rendered":"https:\/\/encuentroinformativo.com.mx\/?p=39220"},"modified":"2023-04-14T13:08:43","modified_gmt":"2023-04-14T19:08:43","slug":"accidente-sobre-la-cardel-poza-rica-dejo-mas-de-7-lesionados","status":"publish","type":"post","link":"https:\/\/encuentroinformativo.com.mx\/?p=39220","title":{"rendered":"Accidente sobre la Cardel-Poza Rica dej\u00f3 m\u00e1s de 7 lesionados"},"content":{"rendered":"\n<p><strong>Juan Arcos <\/strong><\/p>\n\n\n\n<p>Xalapa, Ver.- La ma\u00f1ana de este viernes se registr\u00f3 un fuerte accidente sobre la carretera Cardel-Poza Rica, a la altura del puente Platanal, municipio de Alto Lucero, donde se vieron un involucrado a un tr\u00e1iler doble remolque, una camioneta y un veh\u00edculo sed\u00e1n.<\/p>\n\n\n\n<p>Los hechos ocurrieron alrededor de las diez de la ma\u00f1ana en dicha zona que es considerada peligrosa debido a los constantes percances viales.<\/p>\n\n\n\n<p>La Secretar\u00eda de Protecci\u00f3n Civil (PC), a cargo de Guadalupe Osorno Maldonado, inform\u00f3 que en el punto se reportan siete personas lesionadas, mismas que fueron trasladadas para su valoraci\u00f3n y atenci\u00f3n hospitalaria.<\/p>\n\n\n\n<p>La vialidad se encuentra obstruida en un carril mientras se realizan las labores de atenci\u00f3n y retiro de las unidades.<\/p>\n\n\n\n<p>Al sitio arribaron elementos de Guardia Nacional, Secretar\u00eda de Seguridad P\u00fablica (SSP), Protecci\u00f3n Civil de Alto Lucero y \u00darsulo Galv\u00e1n, as\u00ed como param\u00e9dicos y bomberos de Palma Sola, Vega de Alatorre y La Antigua<\/p>\n","protected":false},"excerpt":{"rendered":"<p>Juan Arcos Xalapa, Ver.- La ma\u00f1ana de este viernes se registr\u00f3 un fuerte accidente sobre la carretera Cardel-Poza Rica, a la altura del puente Platanal, municipio de Alto Lucero, donde se vieron un involucrado a un tr\u00e1iler doble remolque, una camioneta y un veh\u00edculo sed\u00e1n. Los hechos ocurrieron alrededor de las diez de la ma\u00f1ana [&hellip;]<\/p>\n","protected":false},"author":2476,"featured_media":39223,"comment_status":"open","ping_status":"open","sticky":false,"template":"","format":"standard","meta":{"_jetpack_memberships_contains_paid_content":false,"footnotes":""},"categories":[2],"tags":[],"class_list":["post-39220","post","type-post","status-publish","format-standard","has-post-thumbnail","hentry","category-estado"],"jetpack_featured_media_url":"https:\/\/encuentroinformativo.com.mx\/wp-content\/uploads\/2023\/04\/6c3b4c78-1761-4c2b-b3fc-b6b229e64a09-1.jpg","jetpack_sharing_enabled":true,"jetpack_likes_enabled":true,"amp_enabled":true,"_links":{"self":[{"href":"https:\/\/encuentroinformativo.com.mx\/index.php?rest_route=\/wp\/v2\/posts\/39220","targetHints":{"allow":["GET"]}}],"collection":[{"href":"https:\/\/encuentroinformativo.com.mx\/index.php?rest_route=\/wp\/v2\/posts"}],"about":[{"href":"https:\/\/encuentroinformativo.com.mx\/index.php?rest_route=\/wp\/v2\/types\/post"}],"author":[{"embeddable":true,"href":"https:\/\/encuentroinformativo.com.mx\/index.php?rest_route=\/wp\/v2\/users\/2476"}],"replies":[{"embeddable":true,"href":"https:\/\/encuentroinformativo.com.mx\/index.php?rest_route=%2Fwp%2Fv2%2Fcomments&post=39220"}],"version-history":[{"count":1,"href":"https:\/\/encuentroinformativo.com.mx\/index.php?rest_route=\/wp\/v2\/posts\/39220\/revisions"}],"predecessor-version":[{"id":39224,"href":"https:\/\/encuentroinformativo.com.mx\/index.php?rest_route=\/wp\/v2\/posts\/39220\/revisions\/39224"}],"wp:featuredmedia":[{"embeddable":true,"href":"https:\/\/encuentroinformativo.com.mx\/index.php?rest_route=\/wp\/v2\/media\/39223"}],"wp:attachment":[{"href":"https:\/\/encuentroinformativo.com.mx\/index.php?rest_route=%2Fwp%2Fv2%2Fmedia&parent=39220"}],"wp:term":[{"taxonomy":"category","embeddable":true,"href":"https:\/\/encuentroinformativo.com.mx\/index.php?rest_route=%2Fwp%2Fv2%2Fcategories&post=39220"},{"taxonomy":"post_tag","embeddable":true,"href":"https:\/\/encuentroinformativo.com.mx\/index.php?rest_route=%2Fwp%2Fv2%2Ftags&post=39220"}],"curies":[{"name":"wp","href":"https:\/\/api.w.org\/{rel}","templated":true}]}}