{"id":39230,"date":"2023-04-14T13:36:37","date_gmt":"2023-04-14T19:36:37","guid":{"rendered":"https:\/\/encuentroinformativo.com.mx\/?p=39230"},"modified":"2023-04-14T13:36:41","modified_gmt":"2023-04-14T19:36:41","slug":"silvano-aureoles-reta-a-debatir-a-presidenciables-de-morena","status":"publish","type":"post","link":"https:\/\/encuentroinformativo.com.mx\/?p=39230","title":{"rendered":"Silvano Aureoles reta a debatir a presidenciables de Morena"},"content":{"rendered":"\n<p><strong>Alejandro \u00c1vila<\/strong><\/p>\n\n\n\n<p>Veracruz, Ver.- Silvano Aureoles Conejo exgobernador de Michoac\u00e1n, visit\u00f3 el puerto de Veracruz, donde ret\u00f3 p\u00fablicamente a los aspirantes a la presidencia de la Rep\u00fablica del partido Morena a debatir.<\/p>\n\n\n\n<p>El militante perredista dijo qu\u00e9 Se podr\u00edan enfocar en tres temas para el posible debate: migraci\u00f3n, asesinatos y desapariciones de mujeres; adem\u00e1s de seguridad p\u00fablica.<\/p>\n\n\n\n<p>En ese sentido, dijo que Claudia Sheinbaum debe explicar que pas\u00f3 con los 26 muertos de la l\u00ednea 12 del metro.<\/p>\n\n\n\n<p>Mientras que Marcelo Ebrard tendr\u00eda que dar explicaciones sobre la L\u00ednea 12 y 3; por su parte, Ad\u00e1n Augusto, sobre los 40 migrantes.<\/p>\n\n\n\n<p>\u201cLos reto p\u00fablicamente a un debate de cara a los ciudadanos (\u2026) un buen escenario ser\u00eda el Malec\u00f3n del puerto de Veracruz de cara a los ciudadanos\u201d, se\u00f1al\u00f3 el ex gobernador de Michoac\u00e1n.<\/p>\n\n\n\n<p>En otro tema, Silvano Aureoles, adelant\u00f3 que presentar\u00e1 una denuncia ante la Comisi\u00f3n Interamericana de Derechos Humanos, a la Organizaci\u00f3n de Estados Americanos (OEA) y ante la Corte Penal de San Jos\u00e9 en Costa Rica por los hechos ocurridos en Ciudad Ju\u00e1rez donde murieron 40 migrantes en un incendio.<\/p>\n\n\n\n<p>Precis\u00f3 que la denuncia ser\u00e1 contra los<\/p>\n\n\n\n<p>titulares de la Secretar\u00eda de Gobernaci\u00f3n (Segob), Ad\u00e1n Augusto L\u00f3pez; de la Secretar\u00eda de Relaciones Exteriores (SRE), Marcelo Ebrard; y del Instituto Nacional de Migraci\u00f3n (INM), Francisco Gardu\u00f1o a qui\u00e9nes calific\u00f3 de &#8220;asesinos&#8221;.<\/p>\n\n\n\n<p>\u201cSon asesinos, mataron a los migrantes, tienen que responder (\u2026) A L\u00f3pez Obrador no le importa la muerte de 40 migrantes, van a quedar impunes, porque los mat\u00f3 el estado y no tienen inter\u00e9s de esclarecer o castigar a los responsables que est\u00e1n claros\u201d, sentenci\u00f3.<\/p>\n\n\n\n<p>Remarc\u00f3 que al titular del INM, no se le est\u00e1 imponiendo la responsabilidad que le ata\u00f1e en estos hechos.<\/p>\n\n\n\n<p>\u201cAl se\u00f1or Gardu\u00f1o le est\u00e1n integrando una carpeta por delitos menores, se va a presentar a declarar y va a seguir al frente del Instituto, ya anunciaron, porque dijo L\u00f3pez Obrador ayer o antier, ser\u00e1 un juez el que determine y no la Fiscal\u00eda, es decir, el manto protector, del se\u00f1or del Palacio para encubrir a los asesinos de los 40 migrantes de Ciudad Ju\u00e1rez\u201d.<\/p>\n","protected":false},"excerpt":{"rendered":"<p>Alejandro \u00c1vila Veracruz, Ver.- Silvano Aureoles Conejo exgobernador de Michoac\u00e1n, visit\u00f3 el puerto de Veracruz, donde ret\u00f3 p\u00fablicamente a los aspirantes a la presidencia de la Rep\u00fablica del partido Morena a debatir. El militante perredista dijo qu\u00e9 Se podr\u00edan enfocar en tres temas para el posible debate: migraci\u00f3n, asesinatos y desapariciones de mujeres; adem\u00e1s de [&hellip;]<\/p>\n","protected":false},"author":2476,"featured_media":39231,"comment_status":"open","ping_status":"open","sticky":false,"template":"","format":"standard","meta":{"_jetpack_memberships_contains_paid_content":false,"footnotes":""},"categories":[2],"tags":[],"class_list":["post-39230","post","type-post","status-publish","format-standard","has-post-thumbnail","hentry","category-estado"],"jetpack_featured_media_url":"https:\/\/encuentroinformativo.com.mx\/wp-content\/uploads\/2023\/04\/IMG-20230414-WA0049.jpg","jetpack_sharing_enabled":true,"jetpack_likes_enabled":true,"amp_enabled":true,"_links":{"self":[{"href":"https:\/\/encuentroinformativo.com.mx\/index.php?rest_route=\/wp\/v2\/posts\/39230","targetHints":{"allow":["GET"]}}],"collection":[{"href":"https:\/\/encuentroinformativo.com.mx\/index.php?rest_route=\/wp\/v2\/posts"}],"about":[{"href":"https:\/\/encuentroinformativo.com.mx\/index.php?rest_route=\/wp\/v2\/types\/post"}],"author":[{"embeddable":true,"href":"https:\/\/encuentroinformativo.com.mx\/index.php?rest_route=\/wp\/v2\/users\/2476"}],"replies":[{"embeddable":true,"href":"https:\/\/encuentroinformativo.com.mx\/index.php?rest_route=%2Fwp%2Fv2%2Fcomments&post=39230"}],"version-history":[{"count":1,"href":"https:\/\/encuentroinformativo.com.mx\/index.php?rest_route=\/wp\/v2\/posts\/39230\/revisions"}],"predecessor-version":[{"id":39232,"href":"https:\/\/encuentroinformativo.com.mx\/index.php?rest_route=\/wp\/v2\/posts\/39230\/revisions\/39232"}],"wp:featuredmedia":[{"embeddable":true,"href":"https:\/\/encuentroinformativo.com.mx\/index.php?rest_route=\/wp\/v2\/media\/39231"}],"wp:attachment":[{"href":"https:\/\/encuentroinformativo.com.mx\/index.php?rest_route=%2Fwp%2Fv2%2Fmedia&parent=39230"}],"wp:term":[{"taxonomy":"category","embeddable":true,"href":"https:\/\/encuentroinformativo.com.mx\/index.php?rest_route=%2Fwp%2Fv2%2Fcategories&post=39230"},{"taxonomy":"post_tag","embeddable":true,"href":"https:\/\/encuentroinformativo.com.mx\/index.php?rest_route=%2Fwp%2Fv2%2Ftags&post=39230"}],"curies":[{"name":"wp","href":"https:\/\/api.w.org\/{rel}","templated":true}]}}