{"id":39233,"date":"2023-04-14T13:39:58","date_gmt":"2023-04-14T19:39:58","guid":{"rendered":"https:\/\/encuentroinformativo.com.mx\/?p=39233"},"modified":"2023-04-14T13:40:02","modified_gmt":"2023-04-14T19:40:02","slug":"candidatos-deben-ser-humildes-ricardo-monreal","status":"publish","type":"post","link":"https:\/\/encuentroinformativo.com.mx\/?p=39233","title":{"rendered":"Candidatos deben ser humildes: Ricardo Monreal"},"content":{"rendered":"\n<p><strong>Alejandro \u00c1vila<\/strong><\/p>\n\n\n\n<p>Veracruz, Ver- El senador, Ricardo Monreal \u00c1vila reconoci\u00f3 que las pr\u00f3ximas elecciones no ser\u00e1n f\u00e1ciles para el partido Morena, pues aunque Andr\u00e9s Manuel L\u00f3pez Obrador sigue gozando de una gran aceptaci\u00f3n p\u00fablica, \u00e9l ya no estar\u00e1 en ninguna boleta electoral.<\/p>\n\n\n\n<p>Sobre la secretaria de Energ\u00eda, Roc\u00edo Nahle Garc\u00eda, a qui\u00e9n la oposici\u00f3n la acusa de no haber nacido en Veracruz, declar\u00f3 que en Zacatecas la consideran &#8220;jarocha&#8221;, por lo cual le deseo suerte en caso de ser ella la elegida para encarar la elecci\u00f3n a la gubernatura.<\/p>\n\n\n\n<p>El Senador reconoci\u00f3 el trabajo de la funcionaria al frente de la Secretar\u00eda de Energ\u00eda; sin embargo, le recomend\u00f3 tener humildad y serenidad para la contienda que se aproxima, pues se tratar\u00e1n de unas elecciones complicadas.\u00a0<\/p>\n\n\n\n<p>\u201cNo va a ser f\u00e1cil la elecci\u00f3n en Morena, yo veo que Veracruz ha sido siempre que define el car\u00e1cter nacional y yo dir\u00eda que no act\u00faan con soberbia y arrogancia, sino con humildad, pues Veracruz se cuece aparte, pues se tratar\u00e1 de una contienda no f\u00e1cil, el presidente de la Rep\u00fablica esta muy alto evaluado en Veracruz 70 puntos pero \u00e9l no va a ser candidato ya, ni a la presidencia ni al gobierno de Veracruz, yo dir\u00eda que quienes quieran ser candidatos deben de actuar con mucha, humildad&#8221;.<\/p>\n\n\n\n<p>Por otra parte, el Senador Morenista dio a conocer que recurrir\u00e1 a la Suprema Corte de Justicia de la Nacimiento (SCJN) para que se derogue el delito contra las Instituciones de Seguridad P\u00fablica del C\u00f3digo Penal del Estado de Veracruz, pues consider\u00f3 que s\u00f3lo disfrazaron el de ultrajes a la autoridad.&nbsp;<\/p>\n\n\n\n<p>Opin\u00f3 que este tipo de figuras solo desencadenan que los elementos policiacos y ministeriales abusen de la sociedad.<\/p>\n\n\n\n<p>El legislador federal propuso crear un c\u00f3digo penal \u00fanico para que en los estados no se abuse.<\/p>\n\n\n\n<p>Finalmente dijo que se acaba de aprobar un C\u00f3digo \u00danico en materia Civil Familiar, lo que podr\u00eda replicarse con un C\u00f3digo Penal.<\/p>\n","protected":false},"excerpt":{"rendered":"<p>Alejandro \u00c1vila Veracruz, Ver- El senador, Ricardo Monreal \u00c1vila reconoci\u00f3 que las pr\u00f3ximas elecciones no ser\u00e1n f\u00e1ciles para el partido Morena, pues aunque Andr\u00e9s Manuel L\u00f3pez Obrador sigue gozando de una gran aceptaci\u00f3n p\u00fablica, \u00e9l ya no estar\u00e1 en ninguna boleta electoral. Sobre la secretaria de Energ\u00eda, Roc\u00edo Nahle Garc\u00eda, a qui\u00e9n la oposici\u00f3n la [&hellip;]<\/p>\n","protected":false},"author":2476,"featured_media":39234,"comment_status":"open","ping_status":"open","sticky":false,"template":"","format":"standard","meta":{"_jetpack_memberships_contains_paid_content":false,"footnotes":""},"categories":[2],"tags":[],"class_list":["post-39233","post","type-post","status-publish","format-standard","has-post-thumbnail","hentry","category-estado"],"jetpack_featured_media_url":"https:\/\/encuentroinformativo.com.mx\/wp-content\/uploads\/2023\/04\/IMG-20230414-WA00632.jpg","jetpack_sharing_enabled":true,"jetpack_likes_enabled":true,"amp_enabled":true,"_links":{"self":[{"href":"https:\/\/encuentroinformativo.com.mx\/index.php?rest_route=\/wp\/v2\/posts\/39233","targetHints":{"allow":["GET"]}}],"collection":[{"href":"https:\/\/encuentroinformativo.com.mx\/index.php?rest_route=\/wp\/v2\/posts"}],"about":[{"href":"https:\/\/encuentroinformativo.com.mx\/index.php?rest_route=\/wp\/v2\/types\/post"}],"author":[{"embeddable":true,"href":"https:\/\/encuentroinformativo.com.mx\/index.php?rest_route=\/wp\/v2\/users\/2476"}],"replies":[{"embeddable":true,"href":"https:\/\/encuentroinformativo.com.mx\/index.php?rest_route=%2Fwp%2Fv2%2Fcomments&post=39233"}],"version-history":[{"count":1,"href":"https:\/\/encuentroinformativo.com.mx\/index.php?rest_route=\/wp\/v2\/posts\/39233\/revisions"}],"predecessor-version":[{"id":39235,"href":"https:\/\/encuentroinformativo.com.mx\/index.php?rest_route=\/wp\/v2\/posts\/39233\/revisions\/39235"}],"wp:featuredmedia":[{"embeddable":true,"href":"https:\/\/encuentroinformativo.com.mx\/index.php?rest_route=\/wp\/v2\/media\/39234"}],"wp:attachment":[{"href":"https:\/\/encuentroinformativo.com.mx\/index.php?rest_route=%2Fwp%2Fv2%2Fmedia&parent=39233"}],"wp:term":[{"taxonomy":"category","embeddable":true,"href":"https:\/\/encuentroinformativo.com.mx\/index.php?rest_route=%2Fwp%2Fv2%2Fcategories&post=39233"},{"taxonomy":"post_tag","embeddable":true,"href":"https:\/\/encuentroinformativo.com.mx\/index.php?rest_route=%2Fwp%2Fv2%2Ftags&post=39233"}],"curies":[{"name":"wp","href":"https:\/\/api.w.org\/{rel}","templated":true}]}}