{"id":39242,"date":"2023-04-14T13:55:17","date_gmt":"2023-04-14T19:55:17","guid":{"rendered":"https:\/\/encuentroinformativo.com.mx\/?p=39242"},"modified":"2023-04-14T13:55:22","modified_gmt":"2023-04-14T19:55:22","slug":"urgen-reformas-a-la-ley-minera-insisten-ambientalistas","status":"publish","type":"post","link":"https:\/\/encuentroinformativo.com.mx\/?p=39242","title":{"rendered":"Urgen reformas a la Ley Minera, insisten ambientalistas"},"content":{"rendered":"\n<p><strong>Juan Arcos<\/strong><\/p>\n\n\n\n<p>Xalapa, Ver.- Ambientalistas exigieron nuevamente a los diputados federales de Veracruz que aprueben de manera urgente las reformas a la Ley Minera, que beneficiar\u00edan notoriamente a la entidad y al pa\u00eds.<\/p>\n\n\n\n<p>De acuerdo con Guillermo Rodr\u00edguez Curiel, integrante de La Asamblea Veracruzana de Iniciativas y Defensa Ambiental (Lavida), colectivos de la resistencia ambiental cumplieron 15 a\u00f1os solicitando al Poder Ejecutivo federal que proteja el territorio de la miner\u00eda a cielo abierto.<\/p>\n\n\n\n<p>El entrevistado record\u00f3 que la actual Ley Minera es \u201clesiva\u201d para la biodiversidad y la naturaleza, por ello, los grupos ambientalistas contin\u00faan llevando a cabo acciones para la defensa del territorio.<\/p>\n\n\n\n<p>El presidente de la Rep\u00fablica, Andr\u00e9s Manuel L\u00f3pez Obrador, propuso reformas a la Ley Minera, comprendiendo que es necesario conservar los bienes naturales para las pr\u00f3ximas generaciones.<\/p>\n\n\n\n<p>Las modificaciones legislativas eliminan de la ley los apartados que consideran a la actividad minera como preferente. Adem\u00e1s, reducen las concesiones de 50 a 15 a\u00f1os.<\/p>\n\n\n\n<p>\u201cLes estamos solicitando a todos los diputados federales de Veracruz que aprueben a la brevedad estas iniciativas que son ben\u00e9ficas para todo veracruzano y toda la biodiversidad\u201d, expres\u00f3.<\/p>\n\n\n\n<p>Rodr\u00edguez Curiel insisti\u00f3 que en Veracruz solo queda el 4 por ciento de corteza vegetal, una situaci\u00f3n que resulta alarmante por la p\u00e9rdida de bosques y distintas especies de flora y fauna.<\/p>\n\n\n\n<p>En la entidad peligran 500 mil hect\u00e1reas, que van del municipio de Actopan hasta Tatatila, lo que dejar\u00eda sin agua a 3 millones de habitantes.<\/p>\n\n\n\n<p>Los defensores ambientales se han pronunciado constantemente sobre este tema en los \u00faltimos d\u00edas, para que las reformas se avalen durante el actual periodo de sesiones de la C\u00e1mara de Diputados federales.<\/p>\n","protected":false},"excerpt":{"rendered":"<p>Juan Arcos Xalapa, Ver.- Ambientalistas exigieron nuevamente a los diputados federales de Veracruz que aprueben de manera urgente las reformas a la Ley Minera, que beneficiar\u00edan notoriamente a la entidad y al pa\u00eds. De acuerdo con Guillermo Rodr\u00edguez Curiel, integrante de La Asamblea Veracruzana de Iniciativas y Defensa Ambiental (Lavida), colectivos de la resistencia ambiental [&hellip;]<\/p>\n","protected":false},"author":2476,"featured_media":39243,"comment_status":"open","ping_status":"open","sticky":false,"template":"","format":"standard","meta":{"_jetpack_memberships_contains_paid_content":false,"footnotes":""},"categories":[8],"tags":[],"class_list":["post-39242","post","type-post","status-publish","format-standard","has-post-thumbnail","hentry","category-region"],"jetpack_featured_media_url":"https:\/\/encuentroinformativo.com.mx\/wp-content\/uploads\/2023\/04\/IMG_6670.jpg","jetpack_sharing_enabled":true,"jetpack_likes_enabled":true,"amp_enabled":true,"_links":{"self":[{"href":"https:\/\/encuentroinformativo.com.mx\/index.php?rest_route=\/wp\/v2\/posts\/39242","targetHints":{"allow":["GET"]}}],"collection":[{"href":"https:\/\/encuentroinformativo.com.mx\/index.php?rest_route=\/wp\/v2\/posts"}],"about":[{"href":"https:\/\/encuentroinformativo.com.mx\/index.php?rest_route=\/wp\/v2\/types\/post"}],"author":[{"embeddable":true,"href":"https:\/\/encuentroinformativo.com.mx\/index.php?rest_route=\/wp\/v2\/users\/2476"}],"replies":[{"embeddable":true,"href":"https:\/\/encuentroinformativo.com.mx\/index.php?rest_route=%2Fwp%2Fv2%2Fcomments&post=39242"}],"version-history":[{"count":1,"href":"https:\/\/encuentroinformativo.com.mx\/index.php?rest_route=\/wp\/v2\/posts\/39242\/revisions"}],"predecessor-version":[{"id":39244,"href":"https:\/\/encuentroinformativo.com.mx\/index.php?rest_route=\/wp\/v2\/posts\/39242\/revisions\/39244"}],"wp:featuredmedia":[{"embeddable":true,"href":"https:\/\/encuentroinformativo.com.mx\/index.php?rest_route=\/wp\/v2\/media\/39243"}],"wp:attachment":[{"href":"https:\/\/encuentroinformativo.com.mx\/index.php?rest_route=%2Fwp%2Fv2%2Fmedia&parent=39242"}],"wp:term":[{"taxonomy":"category","embeddable":true,"href":"https:\/\/encuentroinformativo.com.mx\/index.php?rest_route=%2Fwp%2Fv2%2Fcategories&post=39242"},{"taxonomy":"post_tag","embeddable":true,"href":"https:\/\/encuentroinformativo.com.mx\/index.php?rest_route=%2Fwp%2Fv2%2Ftags&post=39242"}],"curies":[{"name":"wp","href":"https:\/\/api.w.org\/{rel}","templated":true}]}}