{"id":39248,"date":"2023-04-14T14:08:42","date_gmt":"2023-04-14T20:08:42","guid":{"rendered":"https:\/\/encuentroinformativo.com.mx\/?p=39248"},"modified":"2023-04-14T14:08:45","modified_gmt":"2023-04-14T20:08:45","slug":"se-registra-persecucion-y-detonaciones-en-boca-del-rio","status":"publish","type":"post","link":"https:\/\/encuentroinformativo.com.mx\/?p=39248","title":{"rendered":"Se registra persecuci\u00f3n y detonaciones en Boca del R\u00edo"},"content":{"rendered":"\n<p><strong>Alejandro \u00c1vila<\/strong><\/p>\n\n\n\n<p>Boca del R\u00edo, Ver.- El bulevar &#8220;Manuel \u00c1vila Camacho&#8221; a la altura de la intersecci\u00f3n con el bulevar &#8220;Adolfo Ruiz Cortines&#8221; qued\u00f3 cerrado por elementos de la Polic\u00eda Municipal de Boca del R\u00edo, tras una persecuci\u00f3n y detonaciones de arma de fuego en la zona.<\/p>\n\n\n\n<p>Vecinos y empleados de diversos comercios a los alrededores alertaron al n\u00famero de emergencia 911 sobre presuntas detonaciones en la zona mencionada.<\/p>\n\n\n\n<p>El lugar fue cerrado por los elementos de la Polic\u00eda Municipal de Boca del R\u00edo y se ve una camioneta blanca, la cual choc\u00f3 contra un poste de alumbrado p\u00fablico producto de la persecuci\u00f3n que previamente se hab\u00eda suscitado.<\/p>\n\n\n\n<p>De manera extraoficial se habla de una persona fallecida, sin embargo, hasta el momento ninguna autoridad oficial ha dado certeza de esta informaci\u00f3n.<\/p>\n\n\n\n<p>Elementos de la Polic\u00eda Naval quienes brindaron apoyo para desfogar el tr\u00e1nsito en la zona, tardaron cerca de media hora en desalojar a todos los veh\u00edculos para poder acordonar el \u00e1rea e iniciar con las investigaciones del suceso.<\/p>\n","protected":false},"excerpt":{"rendered":"<p>Alejandro \u00c1vila Boca del R\u00edo, Ver.- El bulevar &#8220;Manuel \u00c1vila Camacho&#8221; a la altura de la intersecci\u00f3n con el bulevar &#8220;Adolfo Ruiz Cortines&#8221; qued\u00f3 cerrado por elementos de la Polic\u00eda Municipal de Boca del R\u00edo, tras una persecuci\u00f3n y detonaciones de arma de fuego en la zona. Vecinos y empleados de diversos comercios a los [&hellip;]<\/p>\n","protected":false},"author":2476,"featured_media":39249,"comment_status":"open","ping_status":"open","sticky":false,"template":"","format":"standard","meta":{"_jetpack_memberships_contains_paid_content":false,"footnotes":""},"categories":[2],"tags":[],"class_list":["post-39248","post","type-post","status-publish","format-standard","has-post-thumbnail","hentry","category-estado"],"jetpack_featured_media_url":"https:\/\/encuentroinformativo.com.mx\/wp-content\/uploads\/2023\/04\/Screenshot_20230414-1405362.png","jetpack_sharing_enabled":true,"jetpack_likes_enabled":true,"amp_enabled":true,"_links":{"self":[{"href":"https:\/\/encuentroinformativo.com.mx\/index.php?rest_route=\/wp\/v2\/posts\/39248","targetHints":{"allow":["GET"]}}],"collection":[{"href":"https:\/\/encuentroinformativo.com.mx\/index.php?rest_route=\/wp\/v2\/posts"}],"about":[{"href":"https:\/\/encuentroinformativo.com.mx\/index.php?rest_route=\/wp\/v2\/types\/post"}],"author":[{"embeddable":true,"href":"https:\/\/encuentroinformativo.com.mx\/index.php?rest_route=\/wp\/v2\/users\/2476"}],"replies":[{"embeddable":true,"href":"https:\/\/encuentroinformativo.com.mx\/index.php?rest_route=%2Fwp%2Fv2%2Fcomments&post=39248"}],"version-history":[{"count":1,"href":"https:\/\/encuentroinformativo.com.mx\/index.php?rest_route=\/wp\/v2\/posts\/39248\/revisions"}],"predecessor-version":[{"id":39250,"href":"https:\/\/encuentroinformativo.com.mx\/index.php?rest_route=\/wp\/v2\/posts\/39248\/revisions\/39250"}],"wp:featuredmedia":[{"embeddable":true,"href":"https:\/\/encuentroinformativo.com.mx\/index.php?rest_route=\/wp\/v2\/media\/39249"}],"wp:attachment":[{"href":"https:\/\/encuentroinformativo.com.mx\/index.php?rest_route=%2Fwp%2Fv2%2Fmedia&parent=39248"}],"wp:term":[{"taxonomy":"category","embeddable":true,"href":"https:\/\/encuentroinformativo.com.mx\/index.php?rest_route=%2Fwp%2Fv2%2Fcategories&post=39248"},{"taxonomy":"post_tag","embeddable":true,"href":"https:\/\/encuentroinformativo.com.mx\/index.php?rest_route=%2Fwp%2Fv2%2Ftags&post=39248"}],"curies":[{"name":"wp","href":"https:\/\/api.w.org\/{rel}","templated":true}]}}