{"id":39258,"date":"2023-04-15T08:17:56","date_gmt":"2023-04-15T14:17:56","guid":{"rendered":"https:\/\/encuentroinformativo.com.mx\/?p=39258"},"modified":"2023-04-15T08:18:00","modified_gmt":"2023-04-15T14:18:00","slug":"hoteleros-se-reuniran-con-autoridades-para-dialogar-sobre-airbnb-cometur","status":"publish","type":"post","link":"https:\/\/encuentroinformativo.com.mx\/?p=39258","title":{"rendered":"Hoteleros se reunir\u00e1n con autoridades para dialogar sobre Airbnb: COMETUR"},"content":{"rendered":"\n<p><strong>Alejandro \u00c1vila<\/strong><\/p>\n\n\n\n<p>Veracruz, Ver.- A pesar de la gran ocupaci\u00f3n hotelera que se tuvo en Veracruz y Boca del R\u00edo durante la Semana Santa y Pascuas, el tema de los Airbnb es una situaci\u00f3n que se debe platicar con las autoridades municipales, mencion\u00f3 el presidente del Consejo Metropolitano de Turismo (COMETUR), Sergio Lois Heredia.<\/p>\n\n\n\n<p>A decir de la alcaldesa de Veracruz, Patricia Lobeira, las 7 mil habitaciones de hotel disponibles en la zona conurbada tuvieron lleno total, y se aument\u00f3 en un 83 por ciento las rentas de hospedaje a trav\u00e9s de la plataforma Airbnb.<\/p>\n\n\n\n<p>&#8220;Ser\u00e1 importante, y me parece que pronto habr\u00e1 una reuni\u00f3n con la alcaldesa, y uno de los puntos a tocar ser\u00e1 ese, ante este incremento que me parece coment\u00f3 la alcaldesa de un 83 por ciento en estas plataformas, empezar a ver desde el \u00e1mbito municipal la regulaci\u00f3n de las mismas, ya que como hemos visto en otras ciudades no solo en otros pa\u00edses, otras ciudades de M\u00e9xico un ejemplo de la Ciudad de M\u00e9xico, ya se est\u00e1n empezando a regularizar estos establecimientos precisamente por el incremento tan pronunciado que han tenido en los \u00faltimos a\u00f1os, y por otras diversas circunstancias que estos incrementos en otras ciudades han llegado a provocar, pues algunas cuestiones que creo que en Veracruz se pueden llegar a evitar&#8221;, enfatiz\u00f3.<\/p>\n\n\n\n<p>El empresario hotelero mencion\u00f3 que en varias ciudades tur\u00edsticas de Europa se inici\u00f3 con la regularizaci\u00f3n de estas plataformas de hospedaje e incluso, la jefa de gobierno de la Ciudad de M\u00e9xico, Claudia Sheinbaum, tambi\u00e9n anunci\u00f3 una regularizaci\u00f3n que inici\u00f3 a principios de este 2023, debido a que, entre otras cosas, estos establecimientos no pagaban servicios como comercio sino como casa habitaci\u00f3n y tampoco recib\u00edan la visita de las autoridades de Protecci\u00f3n Civil.<\/p>\n\n\n\n<p>&#8220;La verdad es que nosotros como sector nunca hemos estado en contra de las plataformas, de hecho los hoteles se anuncian en muchas plataformas digitales, incluyendo tambi\u00e9n Airbnb algunos hoteles. Creo que lo importante aqu\u00ed va m\u00e1s bien hacia la regulaci\u00f3n que se puede empezar a realizar&nbsp; para que esto no provoque molestias en el futuro, molestias que ya se han presentado en la ciudadan\u00eda de otras ciudades y que por ello han nacido regulaciones hacia estas plataformas, creo que lo m\u00e1s importante va a ser empezar a platicarlo y dentro de la pl\u00e1tica se ir\u00e1n viendo los puntos, pero no, la verdad es que el sector nunca ha estado en contra de las plataformas, creo que lo m\u00e1s importante es que se regulen y sobre todo por el tema de la ciudad&#8221;, remat\u00f3.<\/p>\n","protected":false},"excerpt":{"rendered":"<p>Alejandro \u00c1vila Veracruz, Ver.- A pesar de la gran ocupaci\u00f3n hotelera que se tuvo en Veracruz y Boca del R\u00edo durante la Semana Santa y Pascuas, el tema de los Airbnb es una situaci\u00f3n que se debe platicar con las autoridades municipales, mencion\u00f3 el presidente del Consejo Metropolitano de Turismo (COMETUR), Sergio Lois Heredia. A [&hellip;]<\/p>\n","protected":false},"author":2476,"featured_media":39259,"comment_status":"open","ping_status":"open","sticky":false,"template":"","format":"standard","meta":{"_jetpack_memberships_contains_paid_content":false,"footnotes":""},"categories":[2],"tags":[],"class_list":["post-39258","post","type-post","status-publish","format-standard","has-post-thumbnail","hentry","category-estado"],"jetpack_featured_media_url":"https:\/\/encuentroinformativo.com.mx\/wp-content\/uploads\/2023\/04\/IMG-20230415-WA0001.jpg","jetpack_sharing_enabled":true,"jetpack_likes_enabled":true,"amp_enabled":true,"_links":{"self":[{"href":"https:\/\/encuentroinformativo.com.mx\/index.php?rest_route=\/wp\/v2\/posts\/39258","targetHints":{"allow":["GET"]}}],"collection":[{"href":"https:\/\/encuentroinformativo.com.mx\/index.php?rest_route=\/wp\/v2\/posts"}],"about":[{"href":"https:\/\/encuentroinformativo.com.mx\/index.php?rest_route=\/wp\/v2\/types\/post"}],"author":[{"embeddable":true,"href":"https:\/\/encuentroinformativo.com.mx\/index.php?rest_route=\/wp\/v2\/users\/2476"}],"replies":[{"embeddable":true,"href":"https:\/\/encuentroinformativo.com.mx\/index.php?rest_route=%2Fwp%2Fv2%2Fcomments&post=39258"}],"version-history":[{"count":1,"href":"https:\/\/encuentroinformativo.com.mx\/index.php?rest_route=\/wp\/v2\/posts\/39258\/revisions"}],"predecessor-version":[{"id":39260,"href":"https:\/\/encuentroinformativo.com.mx\/index.php?rest_route=\/wp\/v2\/posts\/39258\/revisions\/39260"}],"wp:featuredmedia":[{"embeddable":true,"href":"https:\/\/encuentroinformativo.com.mx\/index.php?rest_route=\/wp\/v2\/media\/39259"}],"wp:attachment":[{"href":"https:\/\/encuentroinformativo.com.mx\/index.php?rest_route=%2Fwp%2Fv2%2Fmedia&parent=39258"}],"wp:term":[{"taxonomy":"category","embeddable":true,"href":"https:\/\/encuentroinformativo.com.mx\/index.php?rest_route=%2Fwp%2Fv2%2Fcategories&post=39258"},{"taxonomy":"post_tag","embeddable":true,"href":"https:\/\/encuentroinformativo.com.mx\/index.php?rest_route=%2Fwp%2Fv2%2Ftags&post=39258"}],"curies":[{"name":"wp","href":"https:\/\/api.w.org\/{rel}","templated":true}]}}