{"id":39261,"date":"2023-04-15T08:54:16","date_gmt":"2023-04-15T14:54:16","guid":{"rendered":"https:\/\/encuentroinformativo.com.mx\/?p=39261"},"modified":"2023-04-15T08:54:21","modified_gmt":"2023-04-15T14:54:21","slug":"america-pone-los-ojos-en-portera-alvaradena","status":"publish","type":"post","link":"https:\/\/encuentroinformativo.com.mx\/?p=39261","title":{"rendered":"Am\u00e9rica pone los ojos en portera alvarade\u00f1a"},"content":{"rendered":"\n<p><strong>Alejandro \u00c1vila<\/strong><\/p>\n\n\n\n<p>Veracruz, Ver.- La guardameta alvarade\u00f1a Rose Mery Landa de apenas 13 a\u00f1os de edad ha sido visoriada por el equipo femenil de las \u00c1guilas del Am\u00e9rica e invitada a un campamento en la Ciudad de M\u00e9xico.<\/p>\n\n\n\n<p>La portera veracruzana que actualmente juega con el equipo Gladiadoras CEUL (Centro de Estudios Universitarios Latinoamericano), tendr\u00eda que presentarse el pr\u00f3ximo 15 de mayo para una segunda visor\u00eda de una semana.<\/p>\n\n\n\n<p>&#8220;En cuanto a lo del Am\u00e9rica estamos en veremos de si vamos o no vamos, porque nos cay\u00f3 de sorpresa y son siete d\u00edas de estar por all\u00e1 con gastos de nosotros, entonces estamos viendo si la podemos llevar&#8221;, mencion\u00f3 su padre, Edgar Iv\u00e1n Landa Uscanga.<\/p>\n\n\n\n<p>La joven que inici\u00f3 en el f\u00fatbol en su natal Alvarado ha tenido un ascenso mete\u00f3rico, pues ya ha representado al Estado de Veracruz en los Juegos Regionales y Nacionales CONADE; incluso, tambi\u00e9n pas\u00f3 los filtros del selectivo de la Federaci\u00f3n Mexicana de F\u00fatbol para conformar un equipo femenil sub 15.<\/p>\n\n\n\n<p>&#8220;La Federaci\u00f3n Mexicana de F\u00fatbol hizo una convocatoria en algunos estados de la rep\u00fablica, aqu\u00ed en Veracruz nosotros fuimos a (Unidad Deportiva) Hugo S\u00e1nchez, creo que fueron 200 o 300 ni\u00f1as por ah\u00ed, en el cual ella tambi\u00e9n qued\u00f3 en los dos filtros que hicieron, ya pas\u00f3, ya ahorita ya est\u00e1n entrenando como selecci\u00f3n de Veracruz para ir a competir a Toluca, en el CAR (Centro de Alto Rendimiento) de Toluca, porque de ah\u00ed de todas esas ni\u00f1as de ese torneo, la Federaci\u00f3n Mexicana de F\u00fatbol va a formar una sub 15, entonces por ah\u00ed tambi\u00e9n tenemos ese proyecto&#8221;, agreg\u00f3 Edgar Iv\u00e1n Landa.<\/p>\n\n\n\n<p>De manera alterna y para mejorar sus habilidades, Rose Mery Landa, entrena en la Academia de Alejandro &#8220;Nato&#8221; S\u00e1nchez; en todo momento, sus padres siguen su desarrollo acad\u00e9mico y deportivo.<\/p>\n","protected":false},"excerpt":{"rendered":"<p>Alejandro \u00c1vila Veracruz, Ver.- La guardameta alvarade\u00f1a Rose Mery Landa de apenas 13 a\u00f1os de edad ha sido visoriada por el equipo femenil de las \u00c1guilas del Am\u00e9rica e invitada a un campamento en la Ciudad de M\u00e9xico. La portera veracruzana que actualmente juega con el equipo Gladiadoras CEUL (Centro de Estudios Universitarios Latinoamericano), tendr\u00eda [&hellip;]<\/p>\n","protected":false},"author":2476,"featured_media":39262,"comment_status":"open","ping_status":"open","sticky":false,"template":"","format":"standard","meta":{"_jetpack_memberships_contains_paid_content":false,"footnotes":""},"categories":[2],"tags":[],"class_list":["post-39261","post","type-post","status-publish","format-standard","has-post-thumbnail","hentry","category-estado"],"jetpack_featured_media_url":"https:\/\/encuentroinformativo.com.mx\/wp-content\/uploads\/2023\/04\/IMG-20230415-WA0004.jpg","jetpack_sharing_enabled":true,"jetpack_likes_enabled":true,"amp_enabled":true,"_links":{"self":[{"href":"https:\/\/encuentroinformativo.com.mx\/index.php?rest_route=\/wp\/v2\/posts\/39261","targetHints":{"allow":["GET"]}}],"collection":[{"href":"https:\/\/encuentroinformativo.com.mx\/index.php?rest_route=\/wp\/v2\/posts"}],"about":[{"href":"https:\/\/encuentroinformativo.com.mx\/index.php?rest_route=\/wp\/v2\/types\/post"}],"author":[{"embeddable":true,"href":"https:\/\/encuentroinformativo.com.mx\/index.php?rest_route=\/wp\/v2\/users\/2476"}],"replies":[{"embeddable":true,"href":"https:\/\/encuentroinformativo.com.mx\/index.php?rest_route=%2Fwp%2Fv2%2Fcomments&post=39261"}],"version-history":[{"count":1,"href":"https:\/\/encuentroinformativo.com.mx\/index.php?rest_route=\/wp\/v2\/posts\/39261\/revisions"}],"predecessor-version":[{"id":39263,"href":"https:\/\/encuentroinformativo.com.mx\/index.php?rest_route=\/wp\/v2\/posts\/39261\/revisions\/39263"}],"wp:featuredmedia":[{"embeddable":true,"href":"https:\/\/encuentroinformativo.com.mx\/index.php?rest_route=\/wp\/v2\/media\/39262"}],"wp:attachment":[{"href":"https:\/\/encuentroinformativo.com.mx\/index.php?rest_route=%2Fwp%2Fv2%2Fmedia&parent=39261"}],"wp:term":[{"taxonomy":"category","embeddable":true,"href":"https:\/\/encuentroinformativo.com.mx\/index.php?rest_route=%2Fwp%2Fv2%2Fcategories&post=39261"},{"taxonomy":"post_tag","embeddable":true,"href":"https:\/\/encuentroinformativo.com.mx\/index.php?rest_route=%2Fwp%2Fv2%2Ftags&post=39261"}],"curies":[{"name":"wp","href":"https:\/\/api.w.org\/{rel}","templated":true}]}}