{"id":39264,"date":"2023-04-15T11:15:51","date_gmt":"2023-04-15T17:15:51","guid":{"rendered":"https:\/\/encuentroinformativo.com.mx\/?p=39264"},"modified":"2023-04-20T20:42:02","modified_gmt":"2023-04-21T02:42:02","slug":"detienen-nuevamente-a-padres-de-marlon-n-los-acusan-de-omision-de-auxilio","status":"publish","type":"post","link":"https:\/\/encuentroinformativo.com.mx\/?p=39264","title":{"rendered":"Detienen nuevamente a padres de Marlon &#8220;N&#8221;, los acusan de omisi\u00f3n de auxilio"},"content":{"rendered":"\n<p><strong>Alejandro \u00c1vila <\/strong><\/p>\n\n\n\n<p>Veracruz, Ver.- Aproximadamente a las 2 de la madrugada de este s\u00e1bado se inici\u00f3 con la audiencia de vinculaci\u00f3n en contra los padres de Marlon &#8220;N&#8221;.<\/p>\n\n\n\n<p>Diana &#8220;N&#8221; y Jorge &#8220;N&#8221;, hab\u00edan sido declarados en libertad la tarde de este viernes por orden de un Juez Federal; sin embargo, al salir de los reclusorios de Coatzacoalcos y Tuxpan, respectivamente, fueron nuevamente aprehendidos por las autoridades, y presentados en el juzgado Norte del municipio de Veracruz el cual se ubica sobre la calle Fidel Vel\u00e1zquez.<\/p>\n\n\n\n<p>La audiencia se encuentra en proceso y se busca vincularlos por el delito de omisi\u00f3n de auxilio; se espera que en pr\u00f3ximas horas se d\u00e9 a conocer la resoluci\u00f3n del Juez de Control.<\/p>\n\n\n\n<p>Finalmente tras 9 horas de audiencia finalmente el Juez de Control realiz\u00f3 la imputaci\u00f3n de Diana Elizabeth &#8220;N&#8221; y Jorge Ignacio &#8220;N&#8221;, como presuntos responsables del delito de omisi\u00f3n de auxilio en contra de Monserrat Bendimes; el Juez dict\u00f3 como medida cautelar, prisi\u00f3n preventiva necesaria por el t\u00e9rmino de un a\u00f1o, dentro del proceso penal 289\/2023.<\/p>\n\n\n\n<p>Por el momento fueron ingresados al Penalito ubicado en la colonia Playa Linda<\/p>\n","protected":false},"excerpt":{"rendered":"<p>Alejandro \u00c1vila Veracruz, Ver.- Aproximadamente a las 2 de la madrugada de este s\u00e1bado se inici\u00f3 con la audiencia de vinculaci\u00f3n en contra los padres de Marlon &#8220;N&#8221;. Diana &#8220;N&#8221; y Jorge &#8220;N&#8221;, hab\u00edan sido declarados en libertad la tarde de este viernes por orden de un Juez Federal; sin embargo, al salir de los [&hellip;]<\/p>\n","protected":false},"author":2476,"featured_media":39265,"comment_status":"open","ping_status":"open","sticky":false,"template":"","format":"standard","meta":{"_jetpack_memberships_contains_paid_content":false,"footnotes":""},"categories":[2],"tags":[],"class_list":["post-39264","post","type-post","status-publish","format-standard","has-post-thumbnail","hentry","category-estado"],"jetpack_featured_media_url":"https:\/\/encuentroinformativo.com.mx\/wp-content\/uploads\/2023\/04\/IMG-20230415-WA0009.jpg","jetpack_sharing_enabled":true,"jetpack_likes_enabled":true,"amp_enabled":true,"_links":{"self":[{"href":"https:\/\/encuentroinformativo.com.mx\/index.php?rest_route=\/wp\/v2\/posts\/39264","targetHints":{"allow":["GET"]}}],"collection":[{"href":"https:\/\/encuentroinformativo.com.mx\/index.php?rest_route=\/wp\/v2\/posts"}],"about":[{"href":"https:\/\/encuentroinformativo.com.mx\/index.php?rest_route=\/wp\/v2\/types\/post"}],"author":[{"embeddable":true,"href":"https:\/\/encuentroinformativo.com.mx\/index.php?rest_route=\/wp\/v2\/users\/2476"}],"replies":[{"embeddable":true,"href":"https:\/\/encuentroinformativo.com.mx\/index.php?rest_route=%2Fwp%2Fv2%2Fcomments&post=39264"}],"version-history":[{"count":2,"href":"https:\/\/encuentroinformativo.com.mx\/index.php?rest_route=\/wp\/v2\/posts\/39264\/revisions"}],"predecessor-version":[{"id":39267,"href":"https:\/\/encuentroinformativo.com.mx\/index.php?rest_route=\/wp\/v2\/posts\/39264\/revisions\/39267"}],"wp:featuredmedia":[{"embeddable":true,"href":"https:\/\/encuentroinformativo.com.mx\/index.php?rest_route=\/wp\/v2\/media\/39265"}],"wp:attachment":[{"href":"https:\/\/encuentroinformativo.com.mx\/index.php?rest_route=%2Fwp%2Fv2%2Fmedia&parent=39264"}],"wp:term":[{"taxonomy":"category","embeddable":true,"href":"https:\/\/encuentroinformativo.com.mx\/index.php?rest_route=%2Fwp%2Fv2%2Fcategories&post=39264"},{"taxonomy":"post_tag","embeddable":true,"href":"https:\/\/encuentroinformativo.com.mx\/index.php?rest_route=%2Fwp%2Fv2%2Ftags&post=39264"}],"curies":[{"name":"wp","href":"https:\/\/api.w.org\/{rel}","templated":true}]}}