{"id":39274,"date":"2023-04-15T16:31:19","date_gmt":"2023-04-15T22:31:19","guid":{"rendered":"https:\/\/encuentroinformativo.com.mx\/?p=39274"},"modified":"2023-04-15T16:31:22","modified_gmt":"2023-04-15T22:31:22","slug":"exhorta-colver-a-partidos-politicos-para-realizar-debates-de-altura","status":"publish","type":"post","link":"https:\/\/encuentroinformativo.com.mx\/?p=39274","title":{"rendered":"Exhorta COLVER a partidos pol\u00edticos para realizar debates &#8216;de altura&#8217;"},"content":{"rendered":"\n<p><strong>Dar\u00edo Pale <\/strong><\/p>\n\n\n\n<p>Xalapa, Ver.- Rector del Colegio de Veracruz (Colver) Mario Ra\u00fal Mijares S\u00e1nchez hizo un llamado a los partidos pol\u00edticos para que formen a sus representantes para que debatan y no s\u00f3lo se insulten.<\/p>\n\n\n\n<p>En entrevista invit\u00f3 a todos los partidos pol\u00edticos en el estado a que manden a estudiar a sus militantes para que una vez que sean diputados sepan por lo menos debatir y no s\u00f3lo descalificarse.\u00a0<\/p>\n\n\n\n<p>La invitaci\u00f3n la hizo extensa, pues asegur\u00f3 que en dicho colegio no se imparte ideolog\u00eda, si no conocimiento.<\/p>\n\n\n\n<p>\u201cEste es un colegio de ciencia pol\u00edtica, aqu\u00ed somos acad\u00e9micos, no hacemos ideolog\u00eda. Pueden venir para formar pol\u00edticos que no los hay, lo vemos en el Congreso, es incre\u00edble que no puedan tener un debate pensante si no puros insultos y puros ataques\u201d, se\u00f1al\u00f3.<\/p>\n\n\n\n<p>Insisti\u00f3 en ofrecerles la formaci\u00f3n en Ciencias Pol\u00edticas para que haya pol\u00edticos de verdad que sobre todo, sepan debatir.<\/p>\n\n\n\n<p>&#8220;No importa que vengan de otros partidos, aqu\u00ed los esperamos para que se formen pol\u00edticos de adeveras que es lo que le hace falta a este pa\u00eds, que sepan debatir\u201d, coment\u00f3.<\/p>\n\n\n\n<p>Finalmente el rector dio a conocer los nuevos planes de estudios dirigidos a secretar\u00edas estatales como la de Finanzas y Planeaci\u00f3n o la del Trabajo y Previsi\u00f3n Social y de paso llam\u00f3 a los pol\u00edticos a que estudien, &#8220;aqu\u00ed los esperamos a todos los partidos\u201d.<\/p>\n","protected":false},"excerpt":{"rendered":"<p>Dar\u00edo Pale Xalapa, Ver.- Rector del Colegio de Veracruz (Colver) Mario Ra\u00fal Mijares S\u00e1nchez hizo un llamado a los partidos pol\u00edticos para que formen a sus representantes para que debatan y no s\u00f3lo se insulten. En entrevista invit\u00f3 a todos los partidos pol\u00edticos en el estado a que manden a estudiar a sus militantes para [&hellip;]<\/p>\n","protected":false},"author":2476,"featured_media":39275,"comment_status":"open","ping_status":"open","sticky":false,"template":"","format":"standard","meta":{"_jetpack_memberships_contains_paid_content":false,"footnotes":""},"categories":[2],"tags":[],"class_list":["post-39274","post","type-post","status-publish","format-standard","has-post-thumbnail","hentry","category-estado"],"jetpack_featured_media_url":"https:\/\/encuentroinformativo.com.mx\/wp-content\/uploads\/2023\/04\/IMG-20230415-WA00772.jpg","jetpack_sharing_enabled":true,"jetpack_likes_enabled":true,"amp_enabled":true,"_links":{"self":[{"href":"https:\/\/encuentroinformativo.com.mx\/index.php?rest_route=\/wp\/v2\/posts\/39274","targetHints":{"allow":["GET"]}}],"collection":[{"href":"https:\/\/encuentroinformativo.com.mx\/index.php?rest_route=\/wp\/v2\/posts"}],"about":[{"href":"https:\/\/encuentroinformativo.com.mx\/index.php?rest_route=\/wp\/v2\/types\/post"}],"author":[{"embeddable":true,"href":"https:\/\/encuentroinformativo.com.mx\/index.php?rest_route=\/wp\/v2\/users\/2476"}],"replies":[{"embeddable":true,"href":"https:\/\/encuentroinformativo.com.mx\/index.php?rest_route=%2Fwp%2Fv2%2Fcomments&post=39274"}],"version-history":[{"count":1,"href":"https:\/\/encuentroinformativo.com.mx\/index.php?rest_route=\/wp\/v2\/posts\/39274\/revisions"}],"predecessor-version":[{"id":39276,"href":"https:\/\/encuentroinformativo.com.mx\/index.php?rest_route=\/wp\/v2\/posts\/39274\/revisions\/39276"}],"wp:featuredmedia":[{"embeddable":true,"href":"https:\/\/encuentroinformativo.com.mx\/index.php?rest_route=\/wp\/v2\/media\/39275"}],"wp:attachment":[{"href":"https:\/\/encuentroinformativo.com.mx\/index.php?rest_route=%2Fwp%2Fv2%2Fmedia&parent=39274"}],"wp:term":[{"taxonomy":"category","embeddable":true,"href":"https:\/\/encuentroinformativo.com.mx\/index.php?rest_route=%2Fwp%2Fv2%2Fcategories&post=39274"},{"taxonomy":"post_tag","embeddable":true,"href":"https:\/\/encuentroinformativo.com.mx\/index.php?rest_route=%2Fwp%2Fv2%2Ftags&post=39274"}],"curies":[{"name":"wp","href":"https:\/\/api.w.org\/{rel}","templated":true}]}}