{"id":39277,"date":"2023-04-16T11:38:15","date_gmt":"2023-04-16T17:38:15","guid":{"rendered":"https:\/\/encuentroinformativo.com.mx\/?p=39277"},"modified":"2023-04-16T11:38:19","modified_gmt":"2023-04-16T17:38:19","slug":"para-evitar-actos-vandalicos-vigilan-memorial-de-personas-desaparecidas","status":"publish","type":"post","link":"https:\/\/encuentroinformativo.com.mx\/?p=39277","title":{"rendered":"Para evitar actos vand\u00e1licos, vigilan Memorial de personas desaparecidas"},"content":{"rendered":"\n<p><strong>Dar\u00edo Pale <\/strong><\/p>\n\n\n\n<p>Xalapa, Ver.- Con la finalidad de que no sea rayado, pintado o utilizado para pernoctar los integrantes de los colectivos de b\u00fasqueda vigilan el Memorial de Desaparecidos en las avenidas Orizaba y Lucio Blanco en Xalapa.<\/p>\n\n\n\n<p>En entrevista Jair de Jes\u00fas Ambrosio Mart\u00ednez, quien se desempe\u00f1a como vigilante del memorial desaparecidos, se\u00f1al\u00f3 que d\u00edas antes de que fuera entregado por las autoridades municipales, el pasado 2 de marzo, la estructura met\u00e1lica de este memorial fue rayada y actualmente se encuentran solventes que se presume, dejan los indigentes de la zona.\u00a0<\/p>\n\n\n\n<p>&#8220;Estoy pendiente de que no tiren basura o a pintar. En la noche esto est\u00e1 vigilado y tiene vigilancia para que las personas no lo ocupen para otra cosa, para dormir o hacer aqu\u00ed sus cosas&#8221;, se\u00f1al\u00f3.<\/p>\n\n\n\n<p>De martes a domingo en horarios de 11 de la ma\u00f1ana a 4 de la tarde permanece abierto el memorial de los desaparecidos la poblaci\u00f3n en general y los familiares de las personas no localizadas pueden ingresar a este espacio y recordarlos a trav\u00e9s de sus fotograf\u00edas y datos que se encuentran al interior de la estructura met\u00e1lica a la que se accede a trav\u00e9s de unas escaleras.<\/p>\n\n\n\n<p>\u201cEs algo que aqu\u00ed van a tener para poder manifestarse y reunirse para recordar a sus hijos, para fechas como el 10 de mayo y para eso se cre\u00f3, para que de alguna manera, las que no saben d\u00f3nde est\u00e1n sus hijos, aqu\u00ed puedan desahogarse un poco y estar aqu\u00ed con la imagen de su hijo, que lo tengan de alguna manera cerca\u201d, coment\u00f3.<\/p>\n\n\n\n<p>Por \u00faltimo cabe se\u00f1alar que este domingo madres de desaparecidos de distintos colectivos de b\u00fasqueda grabar\u00e1n en este memorial un spot en el que recordar\u00e1n a sus hijos desaparecidos que se usar\u00e1 el pr\u00f3ximo 10 de mayo, con motivo de la celebraci\u00f3n del D\u00eda de las Madres.<\/p>\n","protected":false},"excerpt":{"rendered":"<p>Dar\u00edo Pale Xalapa, Ver.- Con la finalidad de que no sea rayado, pintado o utilizado para pernoctar los integrantes de los colectivos de b\u00fasqueda vigilan el Memorial de Desaparecidos en las avenidas Orizaba y Lucio Blanco en Xalapa. En entrevista Jair de Jes\u00fas Ambrosio Mart\u00ednez, quien se desempe\u00f1a como vigilante del memorial desaparecidos, se\u00f1al\u00f3 que [&hellip;]<\/p>\n","protected":false},"author":2476,"featured_media":39278,"comment_status":"open","ping_status":"open","sticky":false,"template":"","format":"standard","meta":{"_jetpack_memberships_contains_paid_content":false,"footnotes":""},"categories":[3],"tags":[],"class_list":["post-39277","post","type-post","status-publish","format-standard","has-post-thumbnail","hentry","category-xalapa"],"jetpack_featured_media_url":"https:\/\/encuentroinformativo.com.mx\/wp-content\/uploads\/2023\/04\/IMG-20230415-WA0078.jpg","jetpack_sharing_enabled":true,"jetpack_likes_enabled":true,"amp_enabled":true,"_links":{"self":[{"href":"https:\/\/encuentroinformativo.com.mx\/index.php?rest_route=\/wp\/v2\/posts\/39277","targetHints":{"allow":["GET"]}}],"collection":[{"href":"https:\/\/encuentroinformativo.com.mx\/index.php?rest_route=\/wp\/v2\/posts"}],"about":[{"href":"https:\/\/encuentroinformativo.com.mx\/index.php?rest_route=\/wp\/v2\/types\/post"}],"author":[{"embeddable":true,"href":"https:\/\/encuentroinformativo.com.mx\/index.php?rest_route=\/wp\/v2\/users\/2476"}],"replies":[{"embeddable":true,"href":"https:\/\/encuentroinformativo.com.mx\/index.php?rest_route=%2Fwp%2Fv2%2Fcomments&post=39277"}],"version-history":[{"count":1,"href":"https:\/\/encuentroinformativo.com.mx\/index.php?rest_route=\/wp\/v2\/posts\/39277\/revisions"}],"predecessor-version":[{"id":39279,"href":"https:\/\/encuentroinformativo.com.mx\/index.php?rest_route=\/wp\/v2\/posts\/39277\/revisions\/39279"}],"wp:featuredmedia":[{"embeddable":true,"href":"https:\/\/encuentroinformativo.com.mx\/index.php?rest_route=\/wp\/v2\/media\/39278"}],"wp:attachment":[{"href":"https:\/\/encuentroinformativo.com.mx\/index.php?rest_route=%2Fwp%2Fv2%2Fmedia&parent=39277"}],"wp:term":[{"taxonomy":"category","embeddable":true,"href":"https:\/\/encuentroinformativo.com.mx\/index.php?rest_route=%2Fwp%2Fv2%2Fcategories&post=39277"},{"taxonomy":"post_tag","embeddable":true,"href":"https:\/\/encuentroinformativo.com.mx\/index.php?rest_route=%2Fwp%2Fv2%2Ftags&post=39277"}],"curies":[{"name":"wp","href":"https:\/\/api.w.org\/{rel}","templated":true}]}}