{"id":39282,"date":"2023-04-16T12:30:05","date_gmt":"2023-04-16T18:30:05","guid":{"rendered":"https:\/\/encuentroinformativo.com.mx\/?p=39282"},"modified":"2023-04-16T12:30:09","modified_gmt":"2023-04-16T18:30:09","slug":"realizan-carrera-5k-heriberto-jara","status":"publish","type":"post","link":"https:\/\/encuentroinformativo.com.mx\/?p=39282","title":{"rendered":"Realizan carrera 5K Heriberto Jara"},"content":{"rendered":"\n<p>Xalapa, Ver.- Con gran \u00e9xito se realiz\u00f3 la carrera 5K Heriberto Jara Corona, convocada por la agrupaci\u00f3n Unidos Todos que preside Eleazar Guerrero P\u00e9rez, el estadio xalape\u00f1o fue la sede donde llegaron m\u00e1s de mil 500 participantes algunos en familia y con sus mascotas recorrieron a lo largo de Los Lagos cinco kil\u00f3metros.<\/p>\n\n\n\n<p>Entre los presentes estuvieron el director general de Vinculaci\u00f3n Institucional de la SSP, Eleazar Guerrero Barrera, el diputado local Paul Mart\u00ednez Marie, el titular de Sedarpa, Evaristo Ovando Ram\u00edrez, Joana Marlen Bautista Flores, entre otras personalidades.<\/p>\n\n\n\n<figure class=\"wp-block-image size-large\"><img loading=\"lazy\" decoding=\"async\" width=\"1024\" height=\"683\" src=\"https:\/\/encuentroinformativo.com.mx\/wp-content\/uploads\/2023\/04\/Photo_1681669574661-1024x683.jpg\" alt=\"\" class=\"wp-image-39284\" srcset=\"https:\/\/encuentroinformativo.com.mx\/wp-content\/uploads\/2023\/04\/Photo_1681669574661-1024x683.jpg 1024w, https:\/\/encuentroinformativo.com.mx\/wp-content\/uploads\/2023\/04\/Photo_1681669574661-300x200.jpg 300w, https:\/\/encuentroinformativo.com.mx\/wp-content\/uploads\/2023\/04\/Photo_1681669574661-768x512.jpg 768w, https:\/\/encuentroinformativo.com.mx\/wp-content\/uploads\/2023\/04\/Photo_1681669574661-1536x1024.jpg 1536w, https:\/\/encuentroinformativo.com.mx\/wp-content\/uploads\/2023\/04\/Photo_1681669574661.jpg 1968w\" sizes=\"auto, (max-width: 1024px) 100vw, 1024px\" \/><\/figure>\n\n\n\n<figure class=\"wp-block-image size-large\"><img loading=\"lazy\" decoding=\"async\" width=\"1024\" height=\"683\" src=\"https:\/\/encuentroinformativo.com.mx\/wp-content\/uploads\/2023\/04\/Photo_1681669540545-1024x683.jpg\" alt=\"\" class=\"wp-image-39285\" srcset=\"https:\/\/encuentroinformativo.com.mx\/wp-content\/uploads\/2023\/04\/Photo_1681669540545-1024x683.jpg 1024w, https:\/\/encuentroinformativo.com.mx\/wp-content\/uploads\/2023\/04\/Photo_1681669540545-300x200.jpg 300w, https:\/\/encuentroinformativo.com.mx\/wp-content\/uploads\/2023\/04\/Photo_1681669540545-768x512.jpg 768w, https:\/\/encuentroinformativo.com.mx\/wp-content\/uploads\/2023\/04\/Photo_1681669540545-1536x1024.jpg 1536w, https:\/\/encuentroinformativo.com.mx\/wp-content\/uploads\/2023\/04\/Photo_1681669540545.jpg 1968w\" sizes=\"auto, (max-width: 1024px) 100vw, 1024px\" \/><\/figure>\n","protected":false},"excerpt":{"rendered":"<p>Xalapa, Ver.- Con gran \u00e9xito se realiz\u00f3 la carrera 5K Heriberto Jara Corona, convocada por la agrupaci\u00f3n Unidos Todos que preside Eleazar Guerrero P\u00e9rez, el estadio xalape\u00f1o fue la sede donde llegaron m\u00e1s de mil 500 participantes algunos en familia y con sus mascotas recorrieron a lo largo de Los Lagos cinco kil\u00f3metros. Entre los [&hellip;]<\/p>\n","protected":false},"author":2476,"featured_media":39283,"comment_status":"open","ping_status":"open","sticky":false,"template":"","format":"standard","meta":{"_jetpack_memberships_contains_paid_content":false,"footnotes":""},"categories":[3],"tags":[],"class_list":["post-39282","post","type-post","status-publish","format-standard","has-post-thumbnail","hentry","category-xalapa"],"jetpack_featured_media_url":"https:\/\/encuentroinformativo.com.mx\/wp-content\/uploads\/2023\/04\/Photo_1681669516137.jpg","jetpack_sharing_enabled":true,"jetpack_likes_enabled":true,"amp_enabled":true,"_links":{"self":[{"href":"https:\/\/encuentroinformativo.com.mx\/index.php?rest_route=\/wp\/v2\/posts\/39282","targetHints":{"allow":["GET"]}}],"collection":[{"href":"https:\/\/encuentroinformativo.com.mx\/index.php?rest_route=\/wp\/v2\/posts"}],"about":[{"href":"https:\/\/encuentroinformativo.com.mx\/index.php?rest_route=\/wp\/v2\/types\/post"}],"author":[{"embeddable":true,"href":"https:\/\/encuentroinformativo.com.mx\/index.php?rest_route=\/wp\/v2\/users\/2476"}],"replies":[{"embeddable":true,"href":"https:\/\/encuentroinformativo.com.mx\/index.php?rest_route=%2Fwp%2Fv2%2Fcomments&post=39282"}],"version-history":[{"count":1,"href":"https:\/\/encuentroinformativo.com.mx\/index.php?rest_route=\/wp\/v2\/posts\/39282\/revisions"}],"predecessor-version":[{"id":39286,"href":"https:\/\/encuentroinformativo.com.mx\/index.php?rest_route=\/wp\/v2\/posts\/39282\/revisions\/39286"}],"wp:featuredmedia":[{"embeddable":true,"href":"https:\/\/encuentroinformativo.com.mx\/index.php?rest_route=\/wp\/v2\/media\/39283"}],"wp:attachment":[{"href":"https:\/\/encuentroinformativo.com.mx\/index.php?rest_route=%2Fwp%2Fv2%2Fmedia&parent=39282"}],"wp:term":[{"taxonomy":"category","embeddable":true,"href":"https:\/\/encuentroinformativo.com.mx\/index.php?rest_route=%2Fwp%2Fv2%2Fcategories&post=39282"},{"taxonomy":"post_tag","embeddable":true,"href":"https:\/\/encuentroinformativo.com.mx\/index.php?rest_route=%2Fwp%2Fv2%2Ftags&post=39282"}],"curies":[{"name":"wp","href":"https:\/\/api.w.org\/{rel}","templated":true}]}}