{"id":39293,"date":"2023-04-16T16:43:20","date_gmt":"2023-04-16T22:43:20","guid":{"rendered":"https:\/\/encuentroinformativo.com.mx\/?p=39293"},"modified":"2023-04-16T16:43:24","modified_gmt":"2023-04-16T22:43:24","slug":"atiende-ayuntamiento-afectaciones-por-vientos-en-el-parque-juarez","status":"publish","type":"post","link":"https:\/\/encuentroinformativo.com.mx\/?p=39293","title":{"rendered":"Atiende Ayuntamiento afectaciones por vientos en el parque Ju\u00e1rez"},"content":{"rendered":"\n<p>Xalapa, Ver.- Ante el paso del Frente Fr\u00edo n\u00famero 49 por el municipio, que estuvo acompa\u00f1ado por fuertes rachas de viento, el Ayuntamiento, a trav\u00e9s de la Direcci\u00f3n de Protecci\u00f3n Civil, atendi\u00f3 la ca\u00edda de una rama en el parque Benito Ju\u00e1rez.<\/p>\n\n\n\n<p>De acuerdo con el titular del \u00e1rea, Luis Sardi\u00f1a Salgado, el viento provoc\u00f3 el desgajamiento de una rama, la cual caus\u00f3 afectaciones en dos casetas de venta, sin reporte de personas lesionadas.<\/p>\n\n\n\n<p>Adem\u00e1s, para evitar mayores afectaciones, se acordon\u00f3 la zona y a trav\u00e9s de la Direcci\u00f3n de Medio Ambiente, se trabaja en el retiro de esta rama, la revisi\u00f3n del arbolado urbano y, en pr\u00f3ximas horas, la poda preventiva en algunos ejemplares.<\/p>\n\n\n\n<p>Tambi\u00e9n se dio a conocer que a fin de prevenir riesgos, se tom\u00f3 la decisi\u00f3n de cerrar los parques a cargo del Ayuntamiento cuando se presenten condiciones climatol\u00f3gicas adversas, como fuertes lluvias, viento de norte o tormentas el\u00e9ctricas.<\/p>\n\n\n\n<p>En estas acciones tambi\u00e9n particip\u00f3 personal de las direcciones de Alumbrado P\u00fablico, Seguridad Ciudadana y Tr\u00e1nsito Municipal, la Polic\u00eda Estatal y la Guardia Nacional.<\/p>\n\n\n\n<figure class=\"wp-block-image size-large\"><img loading=\"lazy\" decoding=\"async\" width=\"1024\" height=\"683\" src=\"https:\/\/encuentroinformativo.com.mx\/wp-content\/uploads\/2023\/04\/IMG-20230416-WA0040-1024x683.jpg\" alt=\"\" class=\"wp-image-39304\" srcset=\"https:\/\/encuentroinformativo.com.mx\/wp-content\/uploads\/2023\/04\/IMG-20230416-WA0040-1024x683.jpg 1024w, https:\/\/encuentroinformativo.com.mx\/wp-content\/uploads\/2023\/04\/IMG-20230416-WA0040-300x200.jpg 300w, https:\/\/encuentroinformativo.com.mx\/wp-content\/uploads\/2023\/04\/IMG-20230416-WA0040-768x512.jpg 768w, https:\/\/encuentroinformativo.com.mx\/wp-content\/uploads\/2023\/04\/IMG-20230416-WA0040.jpg 1531w\" sizes=\"auto, (max-width: 1024px) 100vw, 1024px\" \/><\/figure>\n\n\n\n<figure class=\"wp-block-image size-large\"><img loading=\"lazy\" decoding=\"async\" width=\"1024\" height=\"683\" src=\"https:\/\/encuentroinformativo.com.mx\/wp-content\/uploads\/2023\/04\/IMG-20230416-WA0041-1024x683.jpg\" alt=\"\" class=\"wp-image-39303\" srcset=\"https:\/\/encuentroinformativo.com.mx\/wp-content\/uploads\/2023\/04\/IMG-20230416-WA0041-1024x683.jpg 1024w, https:\/\/encuentroinformativo.com.mx\/wp-content\/uploads\/2023\/04\/IMG-20230416-WA0041-300x200.jpg 300w, https:\/\/encuentroinformativo.com.mx\/wp-content\/uploads\/2023\/04\/IMG-20230416-WA0041-768x512.jpg 768w, https:\/\/encuentroinformativo.com.mx\/wp-content\/uploads\/2023\/04\/IMG-20230416-WA0041.jpg 1531w\" sizes=\"auto, (max-width: 1024px) 100vw, 1024px\" \/><\/figure>\n\n\n","protected":false},"excerpt":{"rendered":"<p>Xalapa, Ver.- Ante el paso del Frente Fr\u00edo n\u00famero 49 por el municipio, que estuvo acompa\u00f1ado por fuertes rachas de viento, el Ayuntamiento, a trav\u00e9s de la Direcci\u00f3n de Protecci\u00f3n Civil, atendi\u00f3 la ca\u00edda de una rama en el parque Benito Ju\u00e1rez. De acuerdo con el titular del \u00e1rea, Luis Sardi\u00f1a Salgado, el viento provoc\u00f3 [&hellip;]<\/p>\n","protected":false},"author":2476,"featured_media":39302,"comment_status":"open","ping_status":"open","sticky":false,"template":"","format":"standard","meta":{"_jetpack_memberships_contains_paid_content":false,"footnotes":""},"categories":[3],"tags":[],"class_list":["post-39293","post","type-post","status-publish","format-standard","has-post-thumbnail","hentry","category-xalapa"],"jetpack_featured_media_url":"https:\/\/encuentroinformativo.com.mx\/wp-content\/uploads\/2023\/04\/IMG-20230416-WA0039.jpg","jetpack_sharing_enabled":true,"jetpack_likes_enabled":true,"amp_enabled":true,"_links":{"self":[{"href":"https:\/\/encuentroinformativo.com.mx\/index.php?rest_route=\/wp\/v2\/posts\/39293","targetHints":{"allow":["GET"]}}],"collection":[{"href":"https:\/\/encuentroinformativo.com.mx\/index.php?rest_route=\/wp\/v2\/posts"}],"about":[{"href":"https:\/\/encuentroinformativo.com.mx\/index.php?rest_route=\/wp\/v2\/types\/post"}],"author":[{"embeddable":true,"href":"https:\/\/encuentroinformativo.com.mx\/index.php?rest_route=\/wp\/v2\/users\/2476"}],"replies":[{"embeddable":true,"href":"https:\/\/encuentroinformativo.com.mx\/index.php?rest_route=%2Fwp%2Fv2%2Fcomments&post=39293"}],"version-history":[{"count":1,"href":"https:\/\/encuentroinformativo.com.mx\/index.php?rest_route=\/wp\/v2\/posts\/39293\/revisions"}],"predecessor-version":[{"id":39305,"href":"https:\/\/encuentroinformativo.com.mx\/index.php?rest_route=\/wp\/v2\/posts\/39293\/revisions\/39305"}],"wp:featuredmedia":[{"embeddable":true,"href":"https:\/\/encuentroinformativo.com.mx\/index.php?rest_route=\/wp\/v2\/media\/39302"}],"wp:attachment":[{"href":"https:\/\/encuentroinformativo.com.mx\/index.php?rest_route=%2Fwp%2Fv2%2Fmedia&parent=39293"}],"wp:term":[{"taxonomy":"category","embeddable":true,"href":"https:\/\/encuentroinformativo.com.mx\/index.php?rest_route=%2Fwp%2Fv2%2Fcategories&post=39293"},{"taxonomy":"post_tag","embeddable":true,"href":"https:\/\/encuentroinformativo.com.mx\/index.php?rest_route=%2Fwp%2Fv2%2Ftags&post=39293"}],"curies":[{"name":"wp","href":"https:\/\/api.w.org\/{rel}","templated":true}]}}