{"id":39309,"date":"2023-04-16T17:39:16","date_gmt":"2023-04-16T23:39:16","guid":{"rendered":"https:\/\/encuentroinformativo.com.mx\/?p=39309"},"modified":"2023-04-16T17:39:21","modified_gmt":"2023-04-16T23:39:21","slug":"se-realizo-paseo-dominical-en-cuartel-militar","status":"publish","type":"post","link":"https:\/\/encuentroinformativo.com.mx\/?p=39309","title":{"rendered":"Se realiz\u00f3 paseo dominical en cuartel militar"},"content":{"rendered":"\n<p><strong>Israel Garc\u00eda <\/strong><\/p>\n\n\n\n<p>Emiliano Zapata, Ver.- Este domingo 16 de abril se llev\u00f3 a cabo el paseo dominical en el Cuartel Federal de la 26 Zona Militar, con las siguientes actividades, primero la ceremonia de bienvenida, toque de la banda de guerra, exposici\u00f3n fotogr\u00e1fica militar, servicios de sanidad, y Plan de DN-lll.<\/p>\n\n\n\n<p>Estos eventos son para convivencia familiar para &#8220;acercamientos social&#8221; para la poblaci\u00f3n civil; la actividad inici\u00f3 de 9:00 a 12:00 del d\u00eda.<\/p>\n\n\n\n<p>Ser soldado no es f\u00e1cil, no es nada m\u00e1s cargar una arma de fuego o andar en la camioneta. La funci\u00f3n principal de los soldados o militares es defender la soberan\u00eda de un pa\u00eds y su integridad territorial. Para esto, cuentan con armas, entrenamiento y autorizaci\u00f3n de usar la fuerza en ocasiones espec\u00edficas.<\/p>\n\n\n\n<figure class=\"wp-block-image size-large\"><img loading=\"lazy\" decoding=\"async\" width=\"1024\" height=\"768\" src=\"https:\/\/encuentroinformativo.com.mx\/wp-content\/uploads\/2023\/04\/Photo_1681688042391-1024x768.jpg\" alt=\"\" class=\"wp-image-39311\" srcset=\"https:\/\/encuentroinformativo.com.mx\/wp-content\/uploads\/2023\/04\/Photo_1681688042391-1024x768.jpg 1024w, https:\/\/encuentroinformativo.com.mx\/wp-content\/uploads\/2023\/04\/Photo_1681688042391-300x225.jpg 300w, https:\/\/encuentroinformativo.com.mx\/wp-content\/uploads\/2023\/04\/Photo_1681688042391-768x576.jpg 768w, https:\/\/encuentroinformativo.com.mx\/wp-content\/uploads\/2023\/04\/Photo_1681688042391-1536x1152.jpg 1536w, https:\/\/encuentroinformativo.com.mx\/wp-content\/uploads\/2023\/04\/Photo_1681688042391.jpg 1600w\" sizes=\"auto, (max-width: 1024px) 100vw, 1024px\" \/><\/figure>\n\n\n\n<figure class=\"wp-block-image size-large\"><img loading=\"lazy\" decoding=\"async\" width=\"1024\" height=\"768\" src=\"https:\/\/encuentroinformativo.com.mx\/wp-content\/uploads\/2023\/04\/Photo_1681688135979-1024x768.jpg\" alt=\"\" class=\"wp-image-39312\" srcset=\"https:\/\/encuentroinformativo.com.mx\/wp-content\/uploads\/2023\/04\/Photo_1681688135979-1024x768.jpg 1024w, https:\/\/encuentroinformativo.com.mx\/wp-content\/uploads\/2023\/04\/Photo_1681688135979-300x225.jpg 300w, https:\/\/encuentroinformativo.com.mx\/wp-content\/uploads\/2023\/04\/Photo_1681688135979-768x576.jpg 768w, https:\/\/encuentroinformativo.com.mx\/wp-content\/uploads\/2023\/04\/Photo_1681688135979.jpg 1040w\" sizes=\"auto, (max-width: 1024px) 100vw, 1024px\" \/><\/figure>\n","protected":false},"excerpt":{"rendered":"<p>Israel Garc\u00eda Emiliano Zapata, Ver.- Este domingo 16 de abril se llev\u00f3 a cabo el paseo dominical en el Cuartel Federal de la 26 Zona Militar, con las siguientes actividades, primero la ceremonia de bienvenida, toque de la banda de guerra, exposici\u00f3n fotogr\u00e1fica militar, servicios de sanidad, y Plan de DN-lll. Estos eventos son para [&hellip;]<\/p>\n","protected":false},"author":2476,"featured_media":39310,"comment_status":"open","ping_status":"open","sticky":false,"template":"","format":"standard","meta":{"_jetpack_memberships_contains_paid_content":false,"footnotes":""},"categories":[8],"tags":[],"class_list":["post-39309","post","type-post","status-publish","format-standard","has-post-thumbnail","hentry","category-region"],"jetpack_featured_media_url":"https:\/\/encuentroinformativo.com.mx\/wp-content\/uploads\/2023\/04\/Photo_1681688068820.jpg","jetpack_sharing_enabled":true,"jetpack_likes_enabled":true,"amp_enabled":true,"_links":{"self":[{"href":"https:\/\/encuentroinformativo.com.mx\/index.php?rest_route=\/wp\/v2\/posts\/39309","targetHints":{"allow":["GET"]}}],"collection":[{"href":"https:\/\/encuentroinformativo.com.mx\/index.php?rest_route=\/wp\/v2\/posts"}],"about":[{"href":"https:\/\/encuentroinformativo.com.mx\/index.php?rest_route=\/wp\/v2\/types\/post"}],"author":[{"embeddable":true,"href":"https:\/\/encuentroinformativo.com.mx\/index.php?rest_route=\/wp\/v2\/users\/2476"}],"replies":[{"embeddable":true,"href":"https:\/\/encuentroinformativo.com.mx\/index.php?rest_route=%2Fwp%2Fv2%2Fcomments&post=39309"}],"version-history":[{"count":1,"href":"https:\/\/encuentroinformativo.com.mx\/index.php?rest_route=\/wp\/v2\/posts\/39309\/revisions"}],"predecessor-version":[{"id":39313,"href":"https:\/\/encuentroinformativo.com.mx\/index.php?rest_route=\/wp\/v2\/posts\/39309\/revisions\/39313"}],"wp:featuredmedia":[{"embeddable":true,"href":"https:\/\/encuentroinformativo.com.mx\/index.php?rest_route=\/wp\/v2\/media\/39310"}],"wp:attachment":[{"href":"https:\/\/encuentroinformativo.com.mx\/index.php?rest_route=%2Fwp%2Fv2%2Fmedia&parent=39309"}],"wp:term":[{"taxonomy":"category","embeddable":true,"href":"https:\/\/encuentroinformativo.com.mx\/index.php?rest_route=%2Fwp%2Fv2%2Fcategories&post=39309"},{"taxonomy":"post_tag","embeddable":true,"href":"https:\/\/encuentroinformativo.com.mx\/index.php?rest_route=%2Fwp%2Fv2%2Ftags&post=39309"}],"curies":[{"name":"wp","href":"https:\/\/api.w.org\/{rel}","templated":true}]}}