{"id":3932,"date":"2020-07-07T16:11:32","date_gmt":"2020-07-07T21:11:32","guid":{"rendered":"https:\/\/encuentroinformativo.com\/?p=3932"},"modified":"2020-07-07T16:11:34","modified_gmt":"2020-07-07T21:11:34","slug":"suspenden-examenes-de-admision-para-secundaria-y-bachillerato","status":"publish","type":"post","link":"https:\/\/encuentroinformativo.com.mx\/?p=3932","title":{"rendered":"Suspenden ex\u00e1menes de admisi\u00f3n para secundaria y bachillerato"},"content":{"rendered":"\n<p><strong>Juan Arcos <\/strong><\/p>\n\n\n\n<p>Xalapa, Ver.- La Secretar\u00eda de Educaci\u00f3n de Veracruz (SEV) suspendi\u00f3 los ex\u00e1menes de admisi\u00f3n para secundaria y bachillerato por la pandemia del COVID-19.<\/p>\n\n\n\n<p>As\u00ed lo dio a conocer la subsecretaria de Educaci\u00f3n B\u00e1sica de la SEV, Maritza Aguilar Ram\u00edrez, quien a\u00f1adi\u00f3 que los alumnos que tendr\u00e1n preferencia para inscribirse en secundaria son quienes tienen hermanos en la instituci\u00f3n, viven cerca de la escuela o el trabajo de sus padres est\u00e1 cerca de la instituci\u00f3n.<\/p>\n\n\n\n<p>\u201cEsos son los aspectos que los maestros y el director debe tomar en cuenta\u201d.<\/p>\n\n\n\n<p>La funcionaria estatal reconoci\u00f3 que habr\u00e1 m\u00e1s demanda en algunas escuelas; sin embargo, a su juicio, en algunas instituciones de los alrededores hay poco alumnado y esos espacios podr\u00e1n ser utilizados.<\/p>\n\n\n\n<p>Adem\u00e1s, en caso de mayor demanda en algunas escuelas ser\u00e1 tomada en cuenta la calificaci\u00f3n del certificado de primaria.\u00a0<br>Las inscripciones est\u00e1n programadas para el periodo del 3 al 7 de agosto.<\/p>\n\n\n\n<p>Por su parte, el titular de la SEV, Zenyazen Escobar Garc\u00eda, asegur\u00f3 que no habr\u00e1 examen de admisi\u00f3n al bachillerato en este ciclo escolar.<\/p>\n\n\n\n<p>Adem\u00e1s, indic\u00f3 que en esta ocasi\u00f3n ser\u00e1 aplicada una Evaluaci\u00f3n Diagn\u00f3stica en l\u00ednea del 10 al 16 de agosto, que tendr\u00e1 una duraci\u00f3n m\u00e1xima de tres horas.<\/p>\n\n\n\n<p><\/p>\n","protected":false},"excerpt":{"rendered":"<p>Juan Arcos Xalapa, Ver.- La Secretar\u00eda de Educaci\u00f3n de Veracruz (SEV) suspendi\u00f3 los ex\u00e1menes de admisi\u00f3n para secundaria y bachillerato por la pandemia del COVID-19. As\u00ed lo dio a conocer la subsecretaria de Educaci\u00f3n B\u00e1sica de la SEV, Maritza Aguilar Ram\u00edrez, quien a\u00f1adi\u00f3 que los alumnos que tendr\u00e1n preferencia para inscribirse en secundaria son quienes [&hellip;]<\/p>\n","protected":false},"author":1,"featured_media":3933,"comment_status":"open","ping_status":"open","sticky":false,"template":"","format":"standard","meta":{"_jetpack_memberships_contains_paid_content":false,"footnotes":""},"categories":[2],"tags":[],"class_list":["post-3932","post","type-post","status-publish","format-standard","has-post-thumbnail","hentry","category-estado"],"jetpack_featured_media_url":"https:\/\/encuentroinformativo.com.mx\/wp-content\/uploads\/2020\/07\/D496F24A-B61C-409F-BA9D-836F6D13DC23.jpeg","jetpack_sharing_enabled":true,"jetpack_likes_enabled":true,"amp_enabled":true,"_links":{"self":[{"href":"https:\/\/encuentroinformativo.com.mx\/index.php?rest_route=\/wp\/v2\/posts\/3932","targetHints":{"allow":["GET"]}}],"collection":[{"href":"https:\/\/encuentroinformativo.com.mx\/index.php?rest_route=\/wp\/v2\/posts"}],"about":[{"href":"https:\/\/encuentroinformativo.com.mx\/index.php?rest_route=\/wp\/v2\/types\/post"}],"author":[{"embeddable":true,"href":"https:\/\/encuentroinformativo.com.mx\/index.php?rest_route=\/wp\/v2\/users\/1"}],"replies":[{"embeddable":true,"href":"https:\/\/encuentroinformativo.com.mx\/index.php?rest_route=%2Fwp%2Fv2%2Fcomments&post=3932"}],"version-history":[{"count":1,"href":"https:\/\/encuentroinformativo.com.mx\/index.php?rest_route=\/wp\/v2\/posts\/3932\/revisions"}],"predecessor-version":[{"id":3934,"href":"https:\/\/encuentroinformativo.com.mx\/index.php?rest_route=\/wp\/v2\/posts\/3932\/revisions\/3934"}],"wp:featuredmedia":[{"embeddable":true,"href":"https:\/\/encuentroinformativo.com.mx\/index.php?rest_route=\/wp\/v2\/media\/3933"}],"wp:attachment":[{"href":"https:\/\/encuentroinformativo.com.mx\/index.php?rest_route=%2Fwp%2Fv2%2Fmedia&parent=3932"}],"wp:term":[{"taxonomy":"category","embeddable":true,"href":"https:\/\/encuentroinformativo.com.mx\/index.php?rest_route=%2Fwp%2Fv2%2Fcategories&post=3932"},{"taxonomy":"post_tag","embeddable":true,"href":"https:\/\/encuentroinformativo.com.mx\/index.php?rest_route=%2Fwp%2Fv2%2Ftags&post=3932"}],"curies":[{"name":"wp","href":"https:\/\/api.w.org\/{rel}","templated":true}]}}