{"id":39323,"date":"2023-04-17T09:36:18","date_gmt":"2023-04-17T15:36:18","guid":{"rendered":"https:\/\/encuentroinformativo.com.mx\/?p=39323"},"modified":"2023-04-17T09:36:22","modified_gmt":"2023-04-17T15:36:22","slug":"vialidad-en-las-trancas","status":"publish","type":"post","link":"https:\/\/encuentroinformativo.com.mx\/?p=39323","title":{"rendered":"Vialidad en Las Trancas"},"content":{"rendered":"\n<p>Xalapa, Ver.- A pesar de que este lunes se registra el regreso a clases despu\u00e9s de las vacaciones de Semana Santa y las obras que ya se realizan en la zona de Las Trancas, el tr\u00e1fico vehicular fluy\u00f3 de manera \u00e1gil la ma\u00f1ana de este lunes.<\/p>\n\n\n\n<p>Y es que hasta el momento las obras que realiza la Secretar\u00eda de Infraestructura y Obras P\u00fablicas (SIOP) de lo que ser\u00e1 un paso a desnivel en la zona, los trabajos \u00fanicamente se desarrollan sobre el camell\u00f3n por lo que no ha sido necesario obstruir alguno de los carriles a la v\u00eda de comunicaci\u00f3n.<\/p>\n\n\n\n<figure class=\"wp-block-image size-large\"><img loading=\"lazy\" decoding=\"async\" width=\"1024\" height=\"631\" src=\"https:\/\/encuentroinformativo.com.mx\/wp-content\/uploads\/2023\/04\/IMG_20230417_093223_1080_x_1080_pixel2-1024x631.jpg\" alt=\"\" class=\"wp-image-39325\" srcset=\"https:\/\/encuentroinformativo.com.mx\/wp-content\/uploads\/2023\/04\/IMG_20230417_093223_1080_x_1080_pixel2-1024x631.jpg 1024w, https:\/\/encuentroinformativo.com.mx\/wp-content\/uploads\/2023\/04\/IMG_20230417_093223_1080_x_1080_pixel2-300x185.jpg 300w, https:\/\/encuentroinformativo.com.mx\/wp-content\/uploads\/2023\/04\/IMG_20230417_093223_1080_x_1080_pixel2-768x473.jpg 768w, https:\/\/encuentroinformativo.com.mx\/wp-content\/uploads\/2023\/04\/IMG_20230417_093223_1080_x_1080_pixel2.jpg 1080w\" sizes=\"auto, (max-width: 1024px) 100vw, 1024px\" \/><\/figure>\n\n\n\n<figure class=\"wp-block-image size-large\"><img loading=\"lazy\" decoding=\"async\" width=\"1024\" height=\"649\" src=\"https:\/\/encuentroinformativo.com.mx\/wp-content\/uploads\/2023\/04\/IMG_20230417_093251_1080_x_1080_pixel3-1024x649.jpg\" alt=\"\" class=\"wp-image-39326\" srcset=\"https:\/\/encuentroinformativo.com.mx\/wp-content\/uploads\/2023\/04\/IMG_20230417_093251_1080_x_1080_pixel3-1024x649.jpg 1024w, https:\/\/encuentroinformativo.com.mx\/wp-content\/uploads\/2023\/04\/IMG_20230417_093251_1080_x_1080_pixel3-300x190.jpg 300w, https:\/\/encuentroinformativo.com.mx\/wp-content\/uploads\/2023\/04\/IMG_20230417_093251_1080_x_1080_pixel3-768x487.jpg 768w, https:\/\/encuentroinformativo.com.mx\/wp-content\/uploads\/2023\/04\/IMG_20230417_093251_1080_x_1080_pixel3.jpg 1080w\" sizes=\"auto, (max-width: 1024px) 100vw, 1024px\" \/><\/figure>\n","protected":false},"excerpt":{"rendered":"<p>Xalapa, Ver.- A pesar de que este lunes se registra el regreso a clases despu\u00e9s de las vacaciones de Semana Santa y las obras que ya se realizan en la zona de Las Trancas, el tr\u00e1fico vehicular fluy\u00f3 de manera \u00e1gil la ma\u00f1ana de este lunes. Y es que hasta el momento las obras que [&hellip;]<\/p>\n","protected":false},"author":2476,"featured_media":39324,"comment_status":"open","ping_status":"open","sticky":false,"template":"","format":"standard","meta":{"_jetpack_memberships_contains_paid_content":false,"footnotes":""},"categories":[3],"tags":[],"class_list":["post-39323","post","type-post","status-publish","format-standard","has-post-thumbnail","hentry","category-xalapa"],"jetpack_featured_media_url":"https:\/\/encuentroinformativo.com.mx\/wp-content\/uploads\/2023\/04\/Photo_1681744819824.jpg","jetpack_sharing_enabled":true,"jetpack_likes_enabled":true,"amp_enabled":true,"_links":{"self":[{"href":"https:\/\/encuentroinformativo.com.mx\/index.php?rest_route=\/wp\/v2\/posts\/39323","targetHints":{"allow":["GET"]}}],"collection":[{"href":"https:\/\/encuentroinformativo.com.mx\/index.php?rest_route=\/wp\/v2\/posts"}],"about":[{"href":"https:\/\/encuentroinformativo.com.mx\/index.php?rest_route=\/wp\/v2\/types\/post"}],"author":[{"embeddable":true,"href":"https:\/\/encuentroinformativo.com.mx\/index.php?rest_route=\/wp\/v2\/users\/2476"}],"replies":[{"embeddable":true,"href":"https:\/\/encuentroinformativo.com.mx\/index.php?rest_route=%2Fwp%2Fv2%2Fcomments&post=39323"}],"version-history":[{"count":1,"href":"https:\/\/encuentroinformativo.com.mx\/index.php?rest_route=\/wp\/v2\/posts\/39323\/revisions"}],"predecessor-version":[{"id":39327,"href":"https:\/\/encuentroinformativo.com.mx\/index.php?rest_route=\/wp\/v2\/posts\/39323\/revisions\/39327"}],"wp:featuredmedia":[{"embeddable":true,"href":"https:\/\/encuentroinformativo.com.mx\/index.php?rest_route=\/wp\/v2\/media\/39324"}],"wp:attachment":[{"href":"https:\/\/encuentroinformativo.com.mx\/index.php?rest_route=%2Fwp%2Fv2%2Fmedia&parent=39323"}],"wp:term":[{"taxonomy":"category","embeddable":true,"href":"https:\/\/encuentroinformativo.com.mx\/index.php?rest_route=%2Fwp%2Fv2%2Fcategories&post=39323"},{"taxonomy":"post_tag","embeddable":true,"href":"https:\/\/encuentroinformativo.com.mx\/index.php?rest_route=%2Fwp%2Fv2%2Ftags&post=39323"}],"curies":[{"name":"wp","href":"https:\/\/api.w.org\/{rel}","templated":true}]}}