{"id":39342,"date":"2023-04-17T13:06:09","date_gmt":"2023-04-17T19:06:09","guid":{"rendered":"https:\/\/encuentroinformativo.com.mx\/?p=39342"},"modified":"2023-04-17T13:06:12","modified_gmt":"2023-04-17T19:06:12","slug":"piden-investigar-a-chofer-de-autobus-donde-joven-murio-en-asalto","status":"publish","type":"post","link":"https:\/\/encuentroinformativo.com.mx\/?p=39342","title":{"rendered":"Piden investigar a chofer de autob\u00fas donde joven muri\u00f3 en asalto"},"content":{"rendered":"\n<p><strong>Alejandro \u00c1vila<\/strong><\/p>\n\n\n\n<p>Boca del R\u00edo, Ver.- La se\u00f1ora, Perla del Carmen Mendoza Joach\u00edn asisti\u00f3 a las instalaciones de la Fiscal\u00eda Regional en Boca del R\u00edo, para solicitar se investigue un posible v\u00ednculo entre el chofer del autob\u00fas urbano Las Vegas y los asaltantes que posteriormente dieron muerte a su hijo.<\/p>\n\n\n\n<p>La madre de Antonio mencion\u00f3 que su nuera le cont\u00f3, los asaltantes ya ven\u00edan en la unidad cuando ellos abordaron el autob\u00fas en la avenida Salvador D\u00edaz Mir\u00f3n a la altura de Plaza Cristal, adem\u00e1s la joven dijo haber visto a uno de los asaltantes venir platicando muy cordialmente con el conductor, y fue hasta la entrada del fraccionamiento Las Vegas cuando estos le pidieron apagar las luces e iniciaron con el intento de asalto.<\/p>\n\n\n\n<p>&#8220;Entonces necesito saber o esclarecer que no tiene nada que ver y que \u00e9l no estaba coludido con ellos (\u2026) solamente tengo dos -videos-, son an\u00f3nimos y son los que ahorita vengo a entregarles a ellos -Fiscal\u00eda-, uno de ellos es un tel\u00e9fono que son de los que le robaron, pues para ver si la Polic\u00eda Cibern\u00e9tica o ellos puede dar con el rastreo de donde se encuentra ese tel\u00e9fono, y a lo mejor por parte de ellos pueden encontrar a los asaltantes&#8221;, agreg\u00f3.<\/p>\n\n\n\n<p>La se\u00f1ora Perla mencion\u00f3 que a decir de su nuera, el chofer del autob\u00fas urbano en Las Vegas no se ve\u00eda nervioso con la presencia de los asaltantes e incluso, cuando llegaron los elementos policiales y param\u00e9dicos tras haberle disparado a Antonio, no necesito apoyo m\u00e9dico.<\/p>\n\n\n\n<p>&#8220;Eso de que le pegaron, pues no s\u00e9, no puedo decirle, pero alguien cuando te pega, te bajas como que doblado, adolorido, y nada que ver. Ahora, dicen que el chofer padece del coraz\u00f3n, yo creo que al parecer del coraz\u00f3n con un susto de esa magnitud, yo creo que hasta la ambulancia hubiera tenido que ir a dar y no fue as\u00ed. Entonces yo necesito saber, y que s\u00ed, que me cercioren que en efecto \u00e9l no ten\u00eda nada que ver&#8221;, refut\u00f3.<\/p>\n\n\n\n<p>La madre de Antonio dijo que continuar\u00e1 con su lucha hasta dar con los asesinos de su hijo, y que estos paguen ante las instancias judiciales el haberle arrebatado la vida al joven de 21 a\u00f1os.<\/p>\n","protected":false},"excerpt":{"rendered":"<p>Alejandro \u00c1vila Boca del R\u00edo, Ver.- La se\u00f1ora, Perla del Carmen Mendoza Joach\u00edn asisti\u00f3 a las instalaciones de la Fiscal\u00eda Regional en Boca del R\u00edo, para solicitar se investigue un posible v\u00ednculo entre el chofer del autob\u00fas urbano Las Vegas y los asaltantes que posteriormente dieron muerte a su hijo. La madre de Antonio mencion\u00f3 [&hellip;]<\/p>\n","protected":false},"author":2476,"featured_media":39343,"comment_status":"open","ping_status":"open","sticky":false,"template":"","format":"standard","meta":{"_jetpack_memberships_contains_paid_content":false,"footnotes":""},"categories":[2],"tags":[],"class_list":["post-39342","post","type-post","status-publish","format-standard","has-post-thumbnail","hentry","category-estado"],"jetpack_featured_media_url":"https:\/\/encuentroinformativo.com.mx\/wp-content\/uploads\/2023\/04\/IMG-20230417-WA0052.jpg","jetpack_sharing_enabled":true,"jetpack_likes_enabled":true,"amp_enabled":true,"_links":{"self":[{"href":"https:\/\/encuentroinformativo.com.mx\/index.php?rest_route=\/wp\/v2\/posts\/39342","targetHints":{"allow":["GET"]}}],"collection":[{"href":"https:\/\/encuentroinformativo.com.mx\/index.php?rest_route=\/wp\/v2\/posts"}],"about":[{"href":"https:\/\/encuentroinformativo.com.mx\/index.php?rest_route=\/wp\/v2\/types\/post"}],"author":[{"embeddable":true,"href":"https:\/\/encuentroinformativo.com.mx\/index.php?rest_route=\/wp\/v2\/users\/2476"}],"replies":[{"embeddable":true,"href":"https:\/\/encuentroinformativo.com.mx\/index.php?rest_route=%2Fwp%2Fv2%2Fcomments&post=39342"}],"version-history":[{"count":1,"href":"https:\/\/encuentroinformativo.com.mx\/index.php?rest_route=\/wp\/v2\/posts\/39342\/revisions"}],"predecessor-version":[{"id":39344,"href":"https:\/\/encuentroinformativo.com.mx\/index.php?rest_route=\/wp\/v2\/posts\/39342\/revisions\/39344"}],"wp:featuredmedia":[{"embeddable":true,"href":"https:\/\/encuentroinformativo.com.mx\/index.php?rest_route=\/wp\/v2\/media\/39343"}],"wp:attachment":[{"href":"https:\/\/encuentroinformativo.com.mx\/index.php?rest_route=%2Fwp%2Fv2%2Fmedia&parent=39342"}],"wp:term":[{"taxonomy":"category","embeddable":true,"href":"https:\/\/encuentroinformativo.com.mx\/index.php?rest_route=%2Fwp%2Fv2%2Fcategories&post=39342"},{"taxonomy":"post_tag","embeddable":true,"href":"https:\/\/encuentroinformativo.com.mx\/index.php?rest_route=%2Fwp%2Fv2%2Ftags&post=39342"}],"curies":[{"name":"wp","href":"https:\/\/api.w.org\/{rel}","templated":true}]}}