{"id":39347,"date":"2023-04-17T13:33:50","date_gmt":"2023-04-17T19:33:50","guid":{"rendered":"https:\/\/encuentroinformativo.com.mx\/?p=39347"},"modified":"2023-04-17T13:33:53","modified_gmt":"2023-04-17T19:33:53","slug":"esperan-30-mil-visitantes-en-carnaval-de-tlalixcoyan","status":"publish","type":"post","link":"https:\/\/encuentroinformativo.com.mx\/?p=39347","title":{"rendered":"Esperan 30 mil visitantes en Carnaval de Tlalixcoyan"},"content":{"rendered":"\n<p><strong>Alejandro \u00c1vila<\/strong><\/p>\n\n\n\n<p>Veracruz, Ver.- M\u00e1s de 30 mil visitantes y una derrama econ\u00f3mica superior al mill\u00f3n de pesos, se espera del 27 de abril al 1 de mayo durante la realizaci\u00f3n del Carnaval de Tlalixcoyan.<\/p>\n\n\n\n<p>Mar\u00eda Magdalena Cruz Cruz, presidenta del Comit\u00e9 de Carnaval de Piedras Negras, en representaci\u00f3n de la alcaldesa Elvia Illescas Loyo; dio a conocer en rueda de prensa ofrecida en la C\u00e1mara Nacional de Comercio (CANACO) delegaci\u00f3n Veracruz, que hay total coordinaci\u00f3n con los tres \u00f3rdenes de gobierno para brindar seguridad a los asistentes, destacando la presencia de la Guardia Nacional, Cruz Roja, Protecci\u00f3n Civil y Tr\u00e1nsito Municipal.<\/p>\n\n\n\n<p>&#8220;Se espera aproximadamente una derrama econ\u00f3mica de m\u00e1s de un mill\u00f3n de pesos, porque vamos a tener una afluencia de personas, esperamos m\u00e1s de 6 mil personas diarias, y concentr\u00e1ndose la mayor\u00eda en fin de semana&#8221;, destac\u00f3.<\/p>\n\n\n\n<p>Desde el jueves 27 de abril hasta el lunes 1 de mayo habr\u00e1 eventos art\u00edsticos, donde destacan la participaci\u00f3n de Mario Maza, Los Vela, Guerra de Chistes y Lady Audios; mientras que el s\u00e1bado 29 y domingo 30 se llevar\u00e1n a cabo los desfiles de Carnaval, cada uno en punto de las 6 de la tarde.<\/p>\n\n\n\n<p>Cabe recordar que en el 2020 fueron suspendido los festejos por la emergencia sanitaria, por lo que la edici\u00f3n 81 del Carnaval de Piedras Negras se retoma en este 2023.<\/p>\n","protected":false},"excerpt":{"rendered":"<p>Alejandro \u00c1vila Veracruz, Ver.- M\u00e1s de 30 mil visitantes y una derrama econ\u00f3mica superior al mill\u00f3n de pesos, se espera del 27 de abril al 1 de mayo durante la realizaci\u00f3n del Carnaval de Tlalixcoyan. Mar\u00eda Magdalena Cruz Cruz, presidenta del Comit\u00e9 de Carnaval de Piedras Negras, en representaci\u00f3n de la alcaldesa Elvia Illescas Loyo; [&hellip;]<\/p>\n","protected":false},"author":2476,"featured_media":39348,"comment_status":"open","ping_status":"open","sticky":false,"template":"","format":"standard","meta":{"_jetpack_memberships_contains_paid_content":false,"footnotes":""},"categories":[2],"tags":[],"class_list":["post-39347","post","type-post","status-publish","format-standard","has-post-thumbnail","hentry","category-estado"],"jetpack_featured_media_url":"https:\/\/encuentroinformativo.com.mx\/wp-content\/uploads\/2023\/04\/IMG-20230417-WA00692.jpg","jetpack_sharing_enabled":true,"jetpack_likes_enabled":true,"amp_enabled":true,"_links":{"self":[{"href":"https:\/\/encuentroinformativo.com.mx\/index.php?rest_route=\/wp\/v2\/posts\/39347","targetHints":{"allow":["GET"]}}],"collection":[{"href":"https:\/\/encuentroinformativo.com.mx\/index.php?rest_route=\/wp\/v2\/posts"}],"about":[{"href":"https:\/\/encuentroinformativo.com.mx\/index.php?rest_route=\/wp\/v2\/types\/post"}],"author":[{"embeddable":true,"href":"https:\/\/encuentroinformativo.com.mx\/index.php?rest_route=\/wp\/v2\/users\/2476"}],"replies":[{"embeddable":true,"href":"https:\/\/encuentroinformativo.com.mx\/index.php?rest_route=%2Fwp%2Fv2%2Fcomments&post=39347"}],"version-history":[{"count":1,"href":"https:\/\/encuentroinformativo.com.mx\/index.php?rest_route=\/wp\/v2\/posts\/39347\/revisions"}],"predecessor-version":[{"id":39349,"href":"https:\/\/encuentroinformativo.com.mx\/index.php?rest_route=\/wp\/v2\/posts\/39347\/revisions\/39349"}],"wp:featuredmedia":[{"embeddable":true,"href":"https:\/\/encuentroinformativo.com.mx\/index.php?rest_route=\/wp\/v2\/media\/39348"}],"wp:attachment":[{"href":"https:\/\/encuentroinformativo.com.mx\/index.php?rest_route=%2Fwp%2Fv2%2Fmedia&parent=39347"}],"wp:term":[{"taxonomy":"category","embeddable":true,"href":"https:\/\/encuentroinformativo.com.mx\/index.php?rest_route=%2Fwp%2Fv2%2Fcategories&post=39347"},{"taxonomy":"post_tag","embeddable":true,"href":"https:\/\/encuentroinformativo.com.mx\/index.php?rest_route=%2Fwp%2Fv2%2Ftags&post=39347"}],"curies":[{"name":"wp","href":"https:\/\/api.w.org\/{rel}","templated":true}]}}