{"id":39353,"date":"2023-04-17T14:46:59","date_gmt":"2023-04-17T20:46:59","guid":{"rendered":"https:\/\/encuentroinformativo.com.mx\/?p=39353"},"modified":"2023-04-17T14:47:03","modified_gmt":"2023-04-17T20:47:03","slug":"complicado-arranque-de-ano-para-empresarios-canacintra","status":"publish","type":"post","link":"https:\/\/encuentroinformativo.com.mx\/?p=39353","title":{"rendered":"Complicado arranque de a\u00f1o para empresarios: Canacintra"},"content":{"rendered":"\n<p><strong>Dar\u00edo Pale <\/strong><\/p>\n\n\n\n<p>Xalapa, Ver.- Nada f\u00e1cil el primer trimestre del a\u00f1o para empresarios, el precio de las materias primas han aumentado, as\u00ed lo dio a conocer Juan Manuel Garc\u00eda Gonz\u00e1lez presidente de C\u00e1mara Nacional de la Industria de la Transformaci\u00f3n (CANACINTRA), Xalapa.<\/p>\n\n\n\n<p>En conferencia de prensa, inform\u00f3 que el primer trimestre de este a\u00f1o no ha sido nada f\u00e1cil para los empresarios en materia econ\u00f3mica, &#8220;aunque pareciera que el d\u00f3lar es un factor, es para los que importamos, para los que importan, para los exportadores, que es nuestra rama fuerte dentro de la C\u00e1mara, es un problema muy dif\u00edcil, hoy est\u00e1n ganando menos pesos que hace algunos meses&#8221;.<\/p>\n\n\n\n<p>En ese sentido, dijo que las materias primas en M\u00e9xico y algunos av\u00edos como gas, se han incrementado.<\/p>\n\n\n\n<p>&#8220;El tema del d\u00f3lar es multifactorial, no depende del gobierno, las remesas que llegan a M\u00e9xico se ven muy afectadas&#8221;, se\u00f1al\u00f3.<\/p>\n\n\n\n<p>El empresario acot\u00f3 que la recuperaci\u00f3n econ\u00f3mica est\u00e1 repuntando, pero se debe atender el asunto de la Mejora Regulatoria.<\/p>\n\n\n\n<p>&#8220;Es lo que estamos peleando para poder instalar m\u00e1s empresas en M\u00e9xico y tener una mayor industrial&#8221;, coment\u00f3.<\/p>\n\n\n\n<p>En cuanto a la renovaci\u00f3n de la presidencia coment\u00f3 que el pasado d\u00eda 11 de abril la presidencia nacional de CANACINTRA aprob\u00f3 la plantilla que presentaron por lo cual validaron que el queda como presidente de la c\u00e1mara en Xalapa.<\/p>\n\n\n\n<p>Despu\u00e9s de la denuncia que presentaron en su contra, no hubo ning\u00fan problema, pero CANACINTRA se desisti\u00f3 al conocer que los se\u00f1alamientos no fueron ciertos.<\/p>\n\n\n\n<p>Actualmente el padr\u00f3n de CANACINTRA en Xalapa tiene como 60 empresarios, de los cuales algunos van renovar su carnet para seguir siendo integrantes de la c\u00e1mara, pero continuar\u00e1n trabajando con respeto.<\/p>\n\n\n\n<p>Finalmente en otro orden de ideas de ideas en cuanto a los tr\u00e1mites esperan que puedan bajar m\u00e1s y tener mayor agilidad con permisos de uso de suelo, temas de agua, esta \u00faltimo \u00a0para que pueda ser reciclado.<\/p>\n","protected":false},"excerpt":{"rendered":"<p>Dar\u00edo Pale Xalapa, Ver.- Nada f\u00e1cil el primer trimestre del a\u00f1o para empresarios, el precio de las materias primas han aumentado, as\u00ed lo dio a conocer Juan Manuel Garc\u00eda Gonz\u00e1lez presidente de C\u00e1mara Nacional de la Industria de la Transformaci\u00f3n (CANACINTRA), Xalapa. En conferencia de prensa, inform\u00f3 que el primer trimestre de este a\u00f1o no [&hellip;]<\/p>\n","protected":false},"author":2476,"featured_media":24354,"comment_status":"open","ping_status":"open","sticky":false,"template":"","format":"standard","meta":{"_jetpack_memberships_contains_paid_content":false,"footnotes":""},"categories":[3],"tags":[],"class_list":["post-39353","post","type-post","status-publish","format-standard","has-post-thumbnail","hentry","category-xalapa"],"jetpack_featured_media_url":"https:\/\/encuentroinformativo.com.mx\/wp-content\/uploads\/2022\/03\/804E6D47-93DC-4AB0-B1EE-8D931FB5A50F.jpeg","jetpack_sharing_enabled":true,"jetpack_likes_enabled":true,"amp_enabled":true,"_links":{"self":[{"href":"https:\/\/encuentroinformativo.com.mx\/index.php?rest_route=\/wp\/v2\/posts\/39353","targetHints":{"allow":["GET"]}}],"collection":[{"href":"https:\/\/encuentroinformativo.com.mx\/index.php?rest_route=\/wp\/v2\/posts"}],"about":[{"href":"https:\/\/encuentroinformativo.com.mx\/index.php?rest_route=\/wp\/v2\/types\/post"}],"author":[{"embeddable":true,"href":"https:\/\/encuentroinformativo.com.mx\/index.php?rest_route=\/wp\/v2\/users\/2476"}],"replies":[{"embeddable":true,"href":"https:\/\/encuentroinformativo.com.mx\/index.php?rest_route=%2Fwp%2Fv2%2Fcomments&post=39353"}],"version-history":[{"count":1,"href":"https:\/\/encuentroinformativo.com.mx\/index.php?rest_route=\/wp\/v2\/posts\/39353\/revisions"}],"predecessor-version":[{"id":39354,"href":"https:\/\/encuentroinformativo.com.mx\/index.php?rest_route=\/wp\/v2\/posts\/39353\/revisions\/39354"}],"wp:featuredmedia":[{"embeddable":true,"href":"https:\/\/encuentroinformativo.com.mx\/index.php?rest_route=\/wp\/v2\/media\/24354"}],"wp:attachment":[{"href":"https:\/\/encuentroinformativo.com.mx\/index.php?rest_route=%2Fwp%2Fv2%2Fmedia&parent=39353"}],"wp:term":[{"taxonomy":"category","embeddable":true,"href":"https:\/\/encuentroinformativo.com.mx\/index.php?rest_route=%2Fwp%2Fv2%2Fcategories&post=39353"},{"taxonomy":"post_tag","embeddable":true,"href":"https:\/\/encuentroinformativo.com.mx\/index.php?rest_route=%2Fwp%2Fv2%2Ftags&post=39353"}],"curies":[{"name":"wp","href":"https:\/\/api.w.org\/{rel}","templated":true}]}}