{"id":39363,"date":"2023-04-17T20:59:28","date_gmt":"2023-04-18T02:59:28","guid":{"rendered":"https:\/\/encuentroinformativo.com.mx\/?p=39363"},"modified":"2023-04-17T20:59:31","modified_gmt":"2023-04-18T02:59:31","slug":"logran-taxistas-aplazar-revista-vehicular","status":"publish","type":"post","link":"https:\/\/encuentroinformativo.com.mx\/?p=39363","title":{"rendered":"Logran taxistas aplazar revista vehicular"},"content":{"rendered":"\n<p><strong>Dar\u00edo Pale <\/strong><\/p>\n\n\n\n<p>Xalapa, Ver.- Jairo Guarneros Sosa representante de taxistas independientes GRITO, de la regi\u00f3n de C\u00f3rdoba, Orizaba y Tierra Blanca, en esta ocasi\u00f3n lo acompa\u00f1an de las Altas Monta\u00f1as dio a conocer que acordaron con representantes del gobierno de aplazar la revista vehicular.<\/p>\n\n\n\n<p>Entrevistado posterior a la reuni\u00f3n con las autoridades de gobierno se\u00f1al\u00f3 que, tomaron varios acuerdos pero ellos presentaron tres puntos que son las unidades fuera de rango, para lo cual buscar\u00e1n un esquema que les permita que puedan acceder a un convenio con Transporte P\u00fablico por un tiempo considerable para que puedan cambiar las unidades y no sean perseguidos.<\/p>\n\n\n\n<p>Lo anterior se debe a que vienen saliendo de una pandemia y adem\u00e1s de que la crisis automotriz no es f\u00e1cil realizar el cambio de alguna unidad.<\/p>\n\n\n\n<p>El segundo punto es la agilizaci\u00f3n de las solicitudes y los tr\u00e1mites que se hacen ante la direcci\u00f3n de transporte, como lo es en ventanilla \u00fanica ya que necesitan una certeza para que les informe el estado que guardan todas y cada una de los folios de las concesiones para que no haya sorpresas ya que se dieron algunas transferencias sin que contar\u00e1n con alguna autorizaci\u00f3n del propietario.<\/p>\n\n\n\n<p>En lo que se refiere a la revista vehicular se\u00f1al\u00f3 que les est\u00e1n planteando que es necesaria para checar cu\u00e1l es la situaci\u00f3n que guarda transporte p\u00fablico, en este tenor sostendr\u00e1n otras pl\u00e1ticas ya que est\u00e1n se\u00f1alando es que en dicha oficina hay muchos problemas.<\/p>\n\n\n\n<p>&#8220;Hay unidades particulares que est\u00e1n prestando el servicio de transporte p\u00fablico sin contar con la concesi\u00f3n, no estoy hablando de UBER, estoy hablando de veh\u00edculos que si est\u00e1n prestando el servicio en las modalidades que tiene transporte p\u00fablico, y ah\u00ed hay un compromiso de empezar a platicar esta situaci\u00f3n y ver de qu\u00e9 manera puede ser resuelto&#8221;, se\u00f1al\u00f3.<\/p>\n\n\n\n<p>Dio a conocer que a muchos de sus compa\u00f1eros les hace falta t\u00edtulos que deben de tener para ser concesionario, por lo que est\u00e1n planteando que se aplace en tonto no se resuelve la situaci\u00f3n de veh\u00edculos sin placas con la dilaci\u00f3n que hay en la entrega de emplacamiento, por lo que no hay condiciones para la revista vehicular, no se niegan pero tienen que convencerlos de que existen las condiciones para entrarle al programa.<\/p>\n\n\n\n<p>Dio a conocer que continuar\u00e1n realizando reuniones y los m\u00f3dulos de las licencias van a pasar a ser parte de la SSP, ya que quieren terminar con los vicios que hay en los m\u00f3dulos de entrega de licencias.<\/p>\n\n\n\n<p>Los taxistas plantearon que hubiera una comunicaci\u00f3n permanente para ver si se dan casos de abusos para que inmediatamente se denuncien y se corrijan.<\/p>\n\n\n\n<p>Por otra parte, los taxistas calificaron de absurdas las indicaciones del procurador de Medio Ambiente, Sergio Rodr\u00edguez Cort\u00e9s de que las unidades que no est\u00e9n emplacadas no pueden verificar.<\/p>\n\n\n\n<p>Finalmente coment\u00f3, &#8220;para m\u00ed es un absurdo esa indicaci\u00f3n porque para m\u00ed, de lo que se trata es de verificar si las unidades est\u00e1n contaminando o no, no si tienen placas o no, eso no le corresponde a Sedema, esto puede generar mayor corrupci\u00f3n&#8221;.<\/p>\n","protected":false},"excerpt":{"rendered":"<p>Dar\u00edo Pale Xalapa, Ver.- Jairo Guarneros Sosa representante de taxistas independientes GRITO, de la regi\u00f3n de C\u00f3rdoba, Orizaba y Tierra Blanca, en esta ocasi\u00f3n lo acompa\u00f1an de las Altas Monta\u00f1as dio a conocer que acordaron con representantes del gobierno de aplazar la revista vehicular. Entrevistado posterior a la reuni\u00f3n con las autoridades de gobierno se\u00f1al\u00f3 [&hellip;]<\/p>\n","protected":false},"author":2476,"featured_media":39364,"comment_status":"open","ping_status":"open","sticky":false,"template":"","format":"standard","meta":{"_jetpack_memberships_contains_paid_content":false,"footnotes":""},"categories":[2],"tags":[],"class_list":["post-39363","post","type-post","status-publish","format-standard","has-post-thumbnail","hentry","category-estado"],"jetpack_featured_media_url":"https:\/\/encuentroinformativo.com.mx\/wp-content\/uploads\/2023\/04\/IMG-20230417-WA0181.jpg","jetpack_sharing_enabled":true,"jetpack_likes_enabled":true,"amp_enabled":true,"_links":{"self":[{"href":"https:\/\/encuentroinformativo.com.mx\/index.php?rest_route=\/wp\/v2\/posts\/39363","targetHints":{"allow":["GET"]}}],"collection":[{"href":"https:\/\/encuentroinformativo.com.mx\/index.php?rest_route=\/wp\/v2\/posts"}],"about":[{"href":"https:\/\/encuentroinformativo.com.mx\/index.php?rest_route=\/wp\/v2\/types\/post"}],"author":[{"embeddable":true,"href":"https:\/\/encuentroinformativo.com.mx\/index.php?rest_route=\/wp\/v2\/users\/2476"}],"replies":[{"embeddable":true,"href":"https:\/\/encuentroinformativo.com.mx\/index.php?rest_route=%2Fwp%2Fv2%2Fcomments&post=39363"}],"version-history":[{"count":1,"href":"https:\/\/encuentroinformativo.com.mx\/index.php?rest_route=\/wp\/v2\/posts\/39363\/revisions"}],"predecessor-version":[{"id":39365,"href":"https:\/\/encuentroinformativo.com.mx\/index.php?rest_route=\/wp\/v2\/posts\/39363\/revisions\/39365"}],"wp:featuredmedia":[{"embeddable":true,"href":"https:\/\/encuentroinformativo.com.mx\/index.php?rest_route=\/wp\/v2\/media\/39364"}],"wp:attachment":[{"href":"https:\/\/encuentroinformativo.com.mx\/index.php?rest_route=%2Fwp%2Fv2%2Fmedia&parent=39363"}],"wp:term":[{"taxonomy":"category","embeddable":true,"href":"https:\/\/encuentroinformativo.com.mx\/index.php?rest_route=%2Fwp%2Fv2%2Fcategories&post=39363"},{"taxonomy":"post_tag","embeddable":true,"href":"https:\/\/encuentroinformativo.com.mx\/index.php?rest_route=%2Fwp%2Fv2%2Ftags&post=39363"}],"curies":[{"name":"wp","href":"https:\/\/api.w.org\/{rel}","templated":true}]}}