{"id":39368,"date":"2023-04-18T09:43:16","date_gmt":"2023-04-18T15:43:16","guid":{"rendered":"https:\/\/encuentroinformativo.com.mx\/?p=39368"},"modified":"2023-04-18T09:43:21","modified_gmt":"2023-04-18T15:43:21","slug":"la-talacha-de-adan-augusto-y-cesar-yanez-por-veracruz","status":"publish","type":"post","link":"https:\/\/encuentroinformativo.com.mx\/?p=39368","title":{"rendered":"LA TALACHA DE AD\u00c1N AUGUSTO Y C\u00c9SAR Y\u00c1\u00d1EZ POR VERACRUZ"},"content":{"rendered":"\n<p><strong>ColumnaSinNombre<br>@pablojair<\/strong><\/p>\n\n\n\n<ul class=\"wp-block-list\"><li>Ya, neta, \u00bfd\u00f3nde anda la oposici\u00f3n en Veracruz?<\/li><li>Cuando hay voluntad, se puede frenar a los taxistas.<\/li><li>Conmemoraci\u00f3n de la Batalla de Cerro Gordo.<\/li><\/ul>\n\n\n\n<p>Todo apunta a Claudia y a Roc\u00edo; no le busquen m\u00e1s<br>\u2014Chopenjawer<\/p>\n\n\n\n<p>Que hayan venido al sur de Veracruz los dos principales operadores pol\u00edticos del presidente Andr\u00e9s Manuel L\u00f3pez Obrador (los que hacen la talacha que no se ve, hacen amarres y tumban hasta comisiones &#8220;patito&#8221; en el Senado) deja en claro que la 4T ya est\u00e1 amarrando los cabos sueltos para 2024, tanto en el pa\u00eds como en Veracruz.<\/p>\n\n\n\n<p>En eso se le da la raz\u00f3n a los cr\u00edticos de este movimiento: los de Morena son un nuevo PRI\u2026 y una de las cualidades que ten\u00eda el tricolor &#8211;en sus momentos de mayor fortaleza; no todo era malo&#8211; era que llegaba un momento en que todos se pon\u00edan de acuerdo, cerraban filas y se disciplinaban.<\/p>\n\n\n\n<p>\u00bfQui\u00e9nes son esos operadores? El secretario de Gobernaci\u00f3n, Ad\u00e1n Augusto L\u00f3pez, y el subsecretario C\u00e9sar Ya\u00f1ez. Los dos hombres quiz\u00e1s m\u00e1s cercanos al presidente L\u00f3pez Obrador en el gabinete.<\/p>\n\n\n\n<p>Y por si alguien dudaba de la importancia de Veracruz para el tan esperado 2024, este fin de semana pudimos ver a varios actores pol\u00edticos de la 4T d\u00e1ndose ba\u00f1os de pueblo por el estado que tiene el cuarto padr\u00f3n electoral m\u00e1s grande del pa\u00eds.<\/p>\n\n\n\n<p>Pero la dupla de Ad\u00e1n Augusto con C\u00e9sar Y\u00e1\u00f1ez va m\u00e1s all\u00e1 de la candidatura presidencial.<\/p>\n\n\n\n<p>De entrada, el propio L\u00f3pez Obrador ha dicho que el candidato o candidata saldr\u00e1 de una encuesta (lo que supuestamente se emular\u00e1 en el caso de todos los cargos p\u00fablicos para elegir en 2024), y ah\u00ed solamente hay dos punteros: Claudia Sheinbaum, la jefa de Gobierno de la CDMX; y el secretario de Relaciones Exteriores, Marcelo Ebrard. El secre Ad\u00e1n Augusto se mantiene en tercer lugar, lo que complicar\u00eda la ventaja que lleva hasta el momento el partido lopezobradorista.<\/p>\n\n\n\n<p>Luego entonces, se sabe que L\u00f3pez y Y\u00e1\u00f1ez est\u00e1n m\u00e1s dedicados a la talacha, al amarre con los grupos que en los \u00faltimos a\u00f1os han manifestado su deseo de entrar &#8220;bendecidos&#8221; a eso que llaman la &#8220;Cuarta Transformaci\u00f3n&#8221;, pero son rechazados por los fundadores y alas m\u00e1s radicales de 4T con una justa raz\u00f3n: muchos est\u00e1n identificados con los recientes gobiernos y actores pol\u00edticos que llevaron hacia el caos financiero y de inseguridad al estado.<\/p>\n\n\n\n<p>La labor del secretario y el subsecretario se puede notar en una especie de m\u00edtines que m\u00e1s bien son para ir entusiasmando a quienes ya no quieren estar lejos del poder (no aguantaron 6 a\u00f1os y piensan que ya por fin les est\u00e1n abriendo la puertita) y que tambi\u00e9n hagan el compromiso de que, llegado el momento de la verdad, hagan sentir su influencia para sacar la votaci\u00f3n masiva a favor de Morena en 2024.<\/p>\n\n\n\n<p>As\u00ed, Ad\u00e1n y C\u00e9sar van juntando los votos que andan sueltos, de los que insisten en entrar al movimiento; los que expresan p\u00fablicamente estar con AMLO, la 4T y Morena. As\u00ed, las cabezas de Gobernaci\u00f3n van midiendo realmente el peso de los l\u00edderes regionales, el compromiso que supuestamente ofrecen, y todo eso lo reportan al inquilino principal de Palacio Nacional.<\/p>\n\n\n\n<p>\u00bfOfrecer\u00e1n algo? Qui\u00e9n sabe, pero por algo son operadores estrella del presidente.<\/p>\n\n\n\n<p>Ya se ver\u00e1 si la operaci\u00f3n y presencia de Ad\u00e1n Augusto y C\u00e9sar Y\u00e1\u00f1ez en Veracruz &#8211;como en otras partes&#8211; terminan por hacer que la votaci\u00f3n que supuestamente controlan esos indeseables en la 4T, sea ben\u00e9fica para el proyecto de 2024.<\/p>\n\n\n\n<p>Por donde se le vea, el caso es tener esa votaci\u00f3n ya &#8220;planchada&#8221; con los liderazgos regionales (algunos cartuchos muy quemados y de sobra conocidos, pero con cierta influencia); gente que precisamente ha sobrevivido a la pol\u00edtica porque ha sabido negociar hasta con otros partidos.<\/p>\n\n\n\n<p>A lo mejor a esos actores y actrices no los van a jalar directamente a Morena o darles cargos como ellos piensan, pero seguramente tendr\u00e1n algunas posiciones para sobrevivir. Estoy seguro que no son pocos los pol\u00edticos que, por ejemplo, buscan entrar a la 4T sin afiliarse, sin verse cercanos a ellos, pero saben que no hay otra opci\u00f3n m\u00e1s que buscar la bendici\u00f3n de los l\u00edderes m\u00e1s importantes de Morena para seguir sobreviviendo en pol\u00edtica.<\/p>\n\n\n\n<p>No por nada ah\u00ed tiene a los petroleros, a los ca\u00f1eros, y sectores ampliamente identificados en el pasado reciente con el priato, pero que finalmente est\u00e1n buscando acomodarse bajo el ala de la 4T y el partido\/gobierno que seguramente se mantendr\u00e1 los pr\u00f3ximos a\u00f1os.<\/p>\n\n\n\n<p>Es dif\u00edcil pensar &#8211;no digo que no pueda pasar&#8211; que a algunos actores y actrices como las hermanas V\u00e1squez Saut o a los petroleros, les den un cargo de elecci\u00f3n popular, pues ya en Morena han aprendido de lecciones como el caso de la senadora Lily T\u00e9llez o el senador Germ\u00e1n Mart\u00ednez, quienes dieron el &#8220;chapulinazo&#8221; para salirse de la 4T una vez encumbrados.<\/p>\n\n\n\n<p>Ya se sabr\u00e1 si realmente todos esos ansiosos por treparse al tren de la 4T le entraron de verdad, apoyando a los candidatos ganadores de las encuestas que har\u00e1 el partido lopezobradorista.<\/p>\n\n\n\n<p>Al final, el amarre, la talacha, el objetivo, es para que todos esos votos vayan a Morena; y por eso Ad\u00e1n y C\u00e9sar ah\u00ed andan como los hermanos Mario y Luigi: arreglando la plomer\u00eda que no se ve.<\/p>\n\n\n\n<p><strong>NOTA PARA PEGAR EN EL REFRI: <\/strong>A lo mejor todav\u00eda no son los tiempos, pero sigue una oposici\u00f3n nula, invisible, poco presente en Veracruz: hasta el momento no se han visto ni candidatos a la gubernatura movi\u00e9ndose\u2026 Han hecho m\u00e1s ruido los memes domingueros en redes sociales del exgobernador Miguel \u00c1ngel Yunes Linares, que cualquiera de los actores de oposici\u00f3n\u2026 Podr\u00e1n decir que es muy pronto, pero basta recordar el pasado reciente: por ejemplo, Yunes Linares ya hac\u00eda campa\u00f1a desde el ISSSTE a la gubernatura, visitando varias veces la entidad; a Javier Duarte lo placeaba el entonces gobernador Fidel Herrera desde a\u00f1os antes cuando era subsecretario de Finanzas, con la intenci\u00f3n de darlo a conocer y posicionarlo\u2026 \u00bfDe plano ya tiraron la toalla o no le quieren entrar?<\/p>\n\n\n\n<p><strong>OTRA NOTA: <\/strong>Cuando hay voluntad, se demuestra\u2026 Los taxistas que quisieron venir a Xalapa para armar su &#8220;despapaye&#8221; bloqueando la capital veracruzana, finalmente fueron contenidos a la altura de Tuzamapan, comunidad de Coatepec; se vio la fuerza del estado sin necesidad de represi\u00f3n o uso de la violencia\u2026 Los &#8220;chafiretes&#8221; son los mismos que hace unos d\u00edas se estuvieron reuniendo con actores pol\u00edticos de oposici\u00f3n, as\u00ed que existe la sospecha de que en realidad estaban funcionando como ariete para desequilibrar al gobierno\u2026 Por lo que se ve, todav\u00eda van a dejar canales abiertos para el di\u00e1logo, lo que creo que no buscan estos cuates, sino ir creando una desestabilizaci\u00f3n con miras al 2024\u2026 Al tiempo; yo que ustedes, me clavaba a buscarle en las carpetas y en las concesiones.<\/p>\n\n\n\n<p><strong>LA \u00daLTIMA PORQUE MA\u00d1ANA TOCA TRIP: <\/strong>Este martes se conmemora un aniversario m\u00e1s de la hist\u00f3rica batalla de Cerro Gordo, librada el 18 de abril de 1847 por los ej\u00e9rcitos de M\u00e9xico y de los Estados Unidos durante la Intervenci\u00f3n estadounidense en M\u00e9xico\u2026 Un dato poco conocido &#8211;que me gusta recordar&#8211; es que si bien el Ej\u00e9rcito Mexicano fue derrotado, aqu\u00ed pele\u00f3 el famoso Batall\u00f3n de San Patricio, compuesto por irlandeses principalmente, quienes desertaron del ej\u00e9rcito norteamericano para unirse al de M\u00e9xico, porque se sent\u00edan m\u00e1s en confianza con los cat\u00f3licos que con los protestantes\u2026 Su capit\u00e1n, John O&#8217;Riley, se dice que muri\u00f3 en Veracruz (fue encontrada su acta de defunci\u00f3n en la parroquia con el nombre de Juan Reley), aunque no se sabe exactamente d\u00f3nde quedaron sus restos.<\/p>\n","protected":false},"excerpt":{"rendered":"<p>ColumnaSinNombre@pablojair Ya, neta, \u00bfd\u00f3nde anda la oposici\u00f3n en Veracruz? Cuando hay voluntad, se puede frenar a los taxistas. Conmemoraci\u00f3n de la Batalla de Cerro Gordo. Todo apunta a Claudia y a Roc\u00edo; no le busquen m\u00e1s\u2014Chopenjawer Que hayan venido al sur de Veracruz los dos principales operadores pol\u00edticos del presidente Andr\u00e9s Manuel L\u00f3pez Obrador (los [&hellip;]<\/p>\n","protected":false},"author":2476,"featured_media":488,"comment_status":"open","ping_status":"open","sticky":false,"template":"","format":"standard","meta":{"_jetpack_memberships_contains_paid_content":false,"footnotes":""},"categories":[11],"tags":[],"class_list":["post-39368","post","type-post","status-publish","format-standard","has-post-thumbnail","hentry","category-opinion"],"jetpack_featured_media_url":"https:\/\/encuentroinformativo.com.mx\/wp-content\/uploads\/2020\/03\/F471F608-BA1A-416B-BA7B-BCFB24F4E6D0.jpeg","jetpack_sharing_enabled":true,"jetpack_likes_enabled":true,"amp_enabled":true,"_links":{"self":[{"href":"https:\/\/encuentroinformativo.com.mx\/index.php?rest_route=\/wp\/v2\/posts\/39368","targetHints":{"allow":["GET"]}}],"collection":[{"href":"https:\/\/encuentroinformativo.com.mx\/index.php?rest_route=\/wp\/v2\/posts"}],"about":[{"href":"https:\/\/encuentroinformativo.com.mx\/index.php?rest_route=\/wp\/v2\/types\/post"}],"author":[{"embeddable":true,"href":"https:\/\/encuentroinformativo.com.mx\/index.php?rest_route=\/wp\/v2\/users\/2476"}],"replies":[{"embeddable":true,"href":"https:\/\/encuentroinformativo.com.mx\/index.php?rest_route=%2Fwp%2Fv2%2Fcomments&post=39368"}],"version-history":[{"count":1,"href":"https:\/\/encuentroinformativo.com.mx\/index.php?rest_route=\/wp\/v2\/posts\/39368\/revisions"}],"predecessor-version":[{"id":39369,"href":"https:\/\/encuentroinformativo.com.mx\/index.php?rest_route=\/wp\/v2\/posts\/39368\/revisions\/39369"}],"wp:featuredmedia":[{"embeddable":true,"href":"https:\/\/encuentroinformativo.com.mx\/index.php?rest_route=\/wp\/v2\/media\/488"}],"wp:attachment":[{"href":"https:\/\/encuentroinformativo.com.mx\/index.php?rest_route=%2Fwp%2Fv2%2Fmedia&parent=39368"}],"wp:term":[{"taxonomy":"category","embeddable":true,"href":"https:\/\/encuentroinformativo.com.mx\/index.php?rest_route=%2Fwp%2Fv2%2Fcategories&post=39368"},{"taxonomy":"post_tag","embeddable":true,"href":"https:\/\/encuentroinformativo.com.mx\/index.php?rest_route=%2Fwp%2Fv2%2Ftags&post=39368"}],"curies":[{"name":"wp","href":"https:\/\/api.w.org\/{rel}","templated":true}]}}