{"id":39372,"date":"2023-04-18T11:17:30","date_gmt":"2023-04-18T17:17:30","guid":{"rendered":"https:\/\/encuentroinformativo.com.mx\/?p=39372"},"modified":"2023-04-18T11:17:34","modified_gmt":"2023-04-18T17:17:34","slug":"que-otras-instituciones-realicen-funciones-del-inai-amlo","status":"publish","type":"post","link":"https:\/\/encuentroinformativo.com.mx\/?p=39372","title":{"rendered":"Que otras instituciones realicen funciones del INAI: AMLO"},"content":{"rendered":"\n<p><br><strong>Redacci\u00f3n<\/strong><\/p>\n\n\n\n<p>Ciudad de M\u00e9xico.- El presidente de la Rep\u00fablica, Andr\u00e9s Manuel L\u00f3pez Obrador arremeti\u00f3 de nueva cuenta en contra del Instituto Nacional de Transparencia, Acceso a la Informaci\u00f3n y Protecci\u00f3n de Datos Personales (INAI), por lo que dijo que \u201ces un cero a la izquierda\u201d.<\/p>\n\n\n\n<p>Durante la ma\u00f1anera el ejecutivo federal se pronunci\u00f3 incluso para que \u00e9ste desaparezca y que sean otras instituciones ya existentes las que adquieran dichas funciones.<\/p>\n\n\n\n<p>\u201cDesde que se cre\u00f3 no han ayudado en nada, al contrario, sirvieron para legitimar robos y ocultar informaci\u00f3n y desde que se cre\u00f3 ese instituto le cuesta al pueblo de M\u00e9xico, mil millones de pesos por a\u00f1o\u201d.<\/p>\n\n\n\n<p>Ojal\u00e1 y el Congreso haga algo -precis\u00f3- para que esa funci\u00f3n la pueda realizar una instituci\u00f3n ya creada de tantas que hay ya sea la Auditor\u00eda Superior de la Federaci\u00f3n, o la Fiscal\u00eda Anticorrupci\u00f3n porque ahora no pueden sesionar porque no tienen a los consejeros pero s\u00ed est\u00e1n cobrando, se esta gastando el presupuesto, ojala se tome una decisi\u00f3n.<\/p>\n\n\n\n<p>L\u00f3pez Obrador detall\u00f3 que la propuesta de \u00e9l es que de las instituciones que ya existen tenga las funciones que realiza el INAI y utilizar el presupuesto del instituto para otras actividades.<\/p>\n\n\n\n<p>\u201cAs\u00ed de claro porque todo el bloque conservador fueron los que crearon esas instituciones, fachadas\u201d.<\/p>\n\n\n\n<p>Cuestionado sobre las versiones de que el propio secretario de gobernaci\u00f3n habr\u00eda dado l\u00ednea para que los senadores vayan tomando la l\u00ednea de desaparecer al instituto, L\u00f3pez Obrador reiter\u00f3 que dicha instituci\u00f3n es un cero a la izquierda.<\/p>\n\n\n\n<p>\u201cNo, yo siempre he sostenido lo mismo\u2026 siempre he dicho que ese instituto es un cero a la izquierda, no sirve para nada, que lo crearon para simular que se iba a combatir la corrupci\u00f3n, es como la Fiscal\u00eda Anticorrupci\u00f3n\u201d, puntualiz\u00f3.<\/p>\n","protected":false},"excerpt":{"rendered":"<p>Redacci\u00f3n Ciudad de M\u00e9xico.- El presidente de la Rep\u00fablica, Andr\u00e9s Manuel L\u00f3pez Obrador arremeti\u00f3 de nueva cuenta en contra del Instituto Nacional de Transparencia, Acceso a la Informaci\u00f3n y Protecci\u00f3n de Datos Personales (INAI), por lo que dijo que \u201ces un cero a la izquierda\u201d. Durante la ma\u00f1anera el ejecutivo federal se pronunci\u00f3 incluso para [&hellip;]<\/p>\n","protected":false},"author":2476,"featured_media":39371,"comment_status":"open","ping_status":"open","sticky":false,"template":"","format":"standard","meta":{"_jetpack_memberships_contains_paid_content":false,"footnotes":""},"categories":[12],"tags":[],"class_list":["post-39372","post","type-post","status-publish","format-standard","has-post-thumbnail","hentry","category-nacional"],"jetpack_featured_media_url":"https:\/\/encuentroinformativo.com.mx\/wp-content\/uploads\/2023\/04\/IMG-20230418-WA0009.jpg","jetpack_sharing_enabled":true,"jetpack_likes_enabled":true,"amp_enabled":true,"_links":{"self":[{"href":"https:\/\/encuentroinformativo.com.mx\/index.php?rest_route=\/wp\/v2\/posts\/39372","targetHints":{"allow":["GET"]}}],"collection":[{"href":"https:\/\/encuentroinformativo.com.mx\/index.php?rest_route=\/wp\/v2\/posts"}],"about":[{"href":"https:\/\/encuentroinformativo.com.mx\/index.php?rest_route=\/wp\/v2\/types\/post"}],"author":[{"embeddable":true,"href":"https:\/\/encuentroinformativo.com.mx\/index.php?rest_route=\/wp\/v2\/users\/2476"}],"replies":[{"embeddable":true,"href":"https:\/\/encuentroinformativo.com.mx\/index.php?rest_route=%2Fwp%2Fv2%2Fcomments&post=39372"}],"version-history":[{"count":1,"href":"https:\/\/encuentroinformativo.com.mx\/index.php?rest_route=\/wp\/v2\/posts\/39372\/revisions"}],"predecessor-version":[{"id":39373,"href":"https:\/\/encuentroinformativo.com.mx\/index.php?rest_route=\/wp\/v2\/posts\/39372\/revisions\/39373"}],"wp:featuredmedia":[{"embeddable":true,"href":"https:\/\/encuentroinformativo.com.mx\/index.php?rest_route=\/wp\/v2\/media\/39371"}],"wp:attachment":[{"href":"https:\/\/encuentroinformativo.com.mx\/index.php?rest_route=%2Fwp%2Fv2%2Fmedia&parent=39372"}],"wp:term":[{"taxonomy":"category","embeddable":true,"href":"https:\/\/encuentroinformativo.com.mx\/index.php?rest_route=%2Fwp%2Fv2%2Fcategories&post=39372"},{"taxonomy":"post_tag","embeddable":true,"href":"https:\/\/encuentroinformativo.com.mx\/index.php?rest_route=%2Fwp%2Fv2%2Ftags&post=39372"}],"curies":[{"name":"wp","href":"https:\/\/api.w.org\/{rel}","templated":true}]}}