{"id":39374,"date":"2023-04-18T11:26:44","date_gmt":"2023-04-18T17:26:44","guid":{"rendered":"https:\/\/encuentroinformativo.com.mx\/?p=39374"},"modified":"2023-04-18T11:26:48","modified_gmt":"2023-04-18T17:26:48","slug":"conmemoran-batalla-de-cerro-gordo","status":"publish","type":"post","link":"https:\/\/encuentroinformativo.com.mx\/?p=39374","title":{"rendered":"Conmemoran Batalla de Cerro Gordo"},"content":{"rendered":"\n<p><strong>Israel Garc\u00eda <\/strong><\/p>\n\n\n\n<p>Emiliano Zapata, Ver.- El gobernador Cuitl\u00e1huac Garc\u00eda Jim\u00e9nez encabez\u00f3 la ceremonia para conmemorar el 176 aniversario de la Batalla de Cerro Gordo.<\/p>\n\n\n\n<p>El ejecutivo estatal estuvo acompa\u00f1ado de integrantes del gabinete, as\u00ed como representantes de los distintos poderes y fuerzas armadas.<\/p>\n\n\n\n<p>La batalla de Cerro Gordo ocurri\u00f3 durante la guerra entre M\u00e9xico y Estados Unidos (1846-1848), es conocida por ser la \u00faltima resistencia del ej\u00e9rcito mexicano ante el invasor en Veracruz.<\/p>\n\n\n\n<p>Tambi\u00e9n se conoce por ser uno de los \u201cerrores\u201d t\u00e1cticos de Antonio L\u00f3pez de Santa Anna, que culmin\u00f3 en su derrota.<\/p>\n\n\n\n<figure class=\"wp-block-image size-large\"><img loading=\"lazy\" decoding=\"async\" width=\"768\" height=\"1024\" src=\"https:\/\/encuentroinformativo.com.mx\/wp-content\/uploads\/2023\/04\/Photo_1681838556656-768x1024.jpg\" alt=\"\" class=\"wp-image-39376\" srcset=\"https:\/\/encuentroinformativo.com.mx\/wp-content\/uploads\/2023\/04\/Photo_1681838556656-768x1024.jpg 768w, https:\/\/encuentroinformativo.com.mx\/wp-content\/uploads\/2023\/04\/Photo_1681838556656-225x300.jpg 225w, https:\/\/encuentroinformativo.com.mx\/wp-content\/uploads\/2023\/04\/Photo_1681838556656.jpg 780w\" sizes=\"auto, (max-width: 768px) 100vw, 768px\" \/><\/figure>\n\n\n\n<figure class=\"wp-block-image size-large\"><img loading=\"lazy\" decoding=\"async\" width=\"1024\" height=\"530\" src=\"https:\/\/encuentroinformativo.com.mx\/wp-content\/uploads\/2023\/04\/Photo_1681838506302-1024x530.jpg\" alt=\"\" class=\"wp-image-39377\" srcset=\"https:\/\/encuentroinformativo.com.mx\/wp-content\/uploads\/2023\/04\/Photo_1681838506302-1024x530.jpg 1024w, https:\/\/encuentroinformativo.com.mx\/wp-content\/uploads\/2023\/04\/Photo_1681838506302-300x155.jpg 300w, https:\/\/encuentroinformativo.com.mx\/wp-content\/uploads\/2023\/04\/Photo_1681838506302-768x397.jpg 768w, https:\/\/encuentroinformativo.com.mx\/wp-content\/uploads\/2023\/04\/Photo_1681838506302.jpg 1040w\" sizes=\"auto, (max-width: 1024px) 100vw, 1024px\" \/><\/figure>\n","protected":false},"excerpt":{"rendered":"<p>Israel Garc\u00eda Emiliano Zapata, Ver.- El gobernador Cuitl\u00e1huac Garc\u00eda Jim\u00e9nez encabez\u00f3 la ceremonia para conmemorar el 176 aniversario de la Batalla de Cerro Gordo. El ejecutivo estatal estuvo acompa\u00f1ado de integrantes del gabinete, as\u00ed como representantes de los distintos poderes y fuerzas armadas. La batalla de Cerro Gordo ocurri\u00f3 durante la guerra entre M\u00e9xico y [&hellip;]<\/p>\n","protected":false},"author":2476,"featured_media":39375,"comment_status":"open","ping_status":"open","sticky":false,"template":"","format":"standard","meta":{"_jetpack_memberships_contains_paid_content":false,"footnotes":""},"categories":[8],"tags":[],"class_list":["post-39374","post","type-post","status-publish","format-standard","has-post-thumbnail","hentry","category-region"],"jetpack_featured_media_url":"https:\/\/encuentroinformativo.com.mx\/wp-content\/uploads\/2023\/04\/Photo_1681838530266.jpg","jetpack_sharing_enabled":true,"jetpack_likes_enabled":true,"amp_enabled":true,"_links":{"self":[{"href":"https:\/\/encuentroinformativo.com.mx\/index.php?rest_route=\/wp\/v2\/posts\/39374","targetHints":{"allow":["GET"]}}],"collection":[{"href":"https:\/\/encuentroinformativo.com.mx\/index.php?rest_route=\/wp\/v2\/posts"}],"about":[{"href":"https:\/\/encuentroinformativo.com.mx\/index.php?rest_route=\/wp\/v2\/types\/post"}],"author":[{"embeddable":true,"href":"https:\/\/encuentroinformativo.com.mx\/index.php?rest_route=\/wp\/v2\/users\/2476"}],"replies":[{"embeddable":true,"href":"https:\/\/encuentroinformativo.com.mx\/index.php?rest_route=%2Fwp%2Fv2%2Fcomments&post=39374"}],"version-history":[{"count":1,"href":"https:\/\/encuentroinformativo.com.mx\/index.php?rest_route=\/wp\/v2\/posts\/39374\/revisions"}],"predecessor-version":[{"id":39378,"href":"https:\/\/encuentroinformativo.com.mx\/index.php?rest_route=\/wp\/v2\/posts\/39374\/revisions\/39378"}],"wp:featuredmedia":[{"embeddable":true,"href":"https:\/\/encuentroinformativo.com.mx\/index.php?rest_route=\/wp\/v2\/media\/39375"}],"wp:attachment":[{"href":"https:\/\/encuentroinformativo.com.mx\/index.php?rest_route=%2Fwp%2Fv2%2Fmedia&parent=39374"}],"wp:term":[{"taxonomy":"category","embeddable":true,"href":"https:\/\/encuentroinformativo.com.mx\/index.php?rest_route=%2Fwp%2Fv2%2Fcategories&post=39374"},{"taxonomy":"post_tag","embeddable":true,"href":"https:\/\/encuentroinformativo.com.mx\/index.php?rest_route=%2Fwp%2Fv2%2Ftags&post=39374"}],"curies":[{"name":"wp","href":"https:\/\/api.w.org\/{rel}","templated":true}]}}