{"id":39379,"date":"2023-04-18T12:54:29","date_gmt":"2023-04-18T18:54:29","guid":{"rendered":"https:\/\/encuentroinformativo.com.mx\/?p=39379"},"modified":"2023-04-18T12:54:33","modified_gmt":"2023-04-18T18:54:33","slug":"protestan-trabajadores-de-sedatu-acusan-incumplimiento","status":"publish","type":"post","link":"https:\/\/encuentroinformativo.com.mx\/?p=39379","title":{"rendered":"Protestan trabajadores de SEDATU, acusan incumplimiento"},"content":{"rendered":"\n<p><strong>Dar\u00edo Pale <\/strong><\/p>\n\n\n\n<p>Xalapa, Ver.- Protestan trabajadores de SEDATU por incumplimiento de condiciones generales de trabajo, por lo que se sumaron a la protesta nacional, no tienen tomadas instalaciones, solo no trabajan, as\u00ed lo dio a conocer Adri\u00e1n L\u00f3pez Hern\u00e1ndez, secretario de organizaci\u00f3n de relaciones p\u00fablicas del Sindicato de SEDATU.<\/p>\n\n\n\n<p>Entrevistado durante la manifestaci\u00f3n se\u00f1al\u00f3 que, los trabajadores sindicalizados de las oficinas del Registro Agrario Nacional (RAN) y de la Secretar\u00eda de Desarrollo Territorial y Urbano (SEDATU) a nivel nacional protestan por el incumplimiento de las condiciones general de trabajo.<\/p>\n\n\n\n<p>Explic\u00f3 que no les han cumplido con los movimientos escalafonarios, con prestaciones que les deben desde hace muchos a\u00f1os, as\u00ed como el incumplimiento de las autoridades de las oficinas centrales quienes les aseguraron que ya todo estaba ingresado en la Secretar\u00eda de Hacienda y Cr\u00e9dito P\u00fablico.<\/p>\n\n\n\n<p>Aclar\u00f3 que no est\u00e1n tomadas las oficinas, pero no est\u00e1n trabajando los m\u00e1s de 29 trabajadores de base, por lo que lamentablemente quienes se ven perjudicados son los usuarios.<\/p>\n\n\n\n<p>&#8220;Lo cual no es cierto, ya se hizo una manifestaci\u00f3n en la Secretar\u00eda de Hacienda y salieron a atender al l\u00edder nacional, Gerardo Rodr\u00edguez Ben\u00edtez y, junto con los representantes de los otros dos sindicatos que amparan a todos los compa\u00f1eros y no fue as\u00ed&#8221;, se\u00f1al\u00f3.<\/p>\n\n\n\n<p>&#8220;A nivel nacional son m\u00e1s de 600 trabajadores, no ha habido cumplimiento por eso est\u00e1 el movimiento. En Veracruz estamos hablando de cincuenta y tantos compa\u00f1eros de trabajo de base de SEDATU y el RAN&#8221;, agreg\u00f3.<\/p>\n\n\n\n<p>L\u00f3pez Hern\u00e1ndez dijo que con la protesta esperan se cumpla lo que dijo el presidente Andr\u00e9s Manuel L\u00f3pez Obrador que dijo que no iba a vulnerar los derechos de los trabajadores de base, de los sindicalizados.<\/p>\n\n\n\n<p>Afirm\u00f3 que la manifestaci\u00f3n se lleva a cabo en todas las oficinas del pa\u00eds y aclar\u00f3 que no est\u00e1n tomadas las instalaciones, es decir, no est\u00e1n vulnerando el derecho de la atenci\u00f3n al p\u00fablico porque ellos tienen m\u00e1s derecho y a ellos se deben.<\/p>\n\n\n\n<p>Puntualiz\u00f3 que hasta que no se llegue a un acuerdo continuar\u00e1n en asamblea permanente, no llegar\u00e1n al punto de irse a la huelga.<\/p>\n\n\n\n<p>Finalmente dijo que, &#8220;no es un paro, es una asamblea permanente, s\u00ed seguir\u00edamos pr\u00e1cticamente afuera de la oficina manifest\u00e1ndonos para que la gente vea y podamos contar con el apoyo de ellos&#8221;.<\/p>\n","protected":false},"excerpt":{"rendered":"<p>Dar\u00edo Pale Xalapa, Ver.- Protestan trabajadores de SEDATU por incumplimiento de condiciones generales de trabajo, por lo que se sumaron a la protesta nacional, no tienen tomadas instalaciones, solo no trabajan, as\u00ed lo dio a conocer Adri\u00e1n L\u00f3pez Hern\u00e1ndez, secretario de organizaci\u00f3n de relaciones p\u00fablicas del Sindicato de SEDATU. Entrevistado durante la manifestaci\u00f3n se\u00f1al\u00f3 que, [&hellip;]<\/p>\n","protected":false},"author":2476,"featured_media":39380,"comment_status":"open","ping_status":"open","sticky":false,"template":"","format":"standard","meta":{"_jetpack_memberships_contains_paid_content":false,"footnotes":""},"categories":[3],"tags":[],"class_list":["post-39379","post","type-post","status-publish","format-standard","has-post-thumbnail","hentry","category-xalapa"],"jetpack_featured_media_url":"https:\/\/encuentroinformativo.com.mx\/wp-content\/uploads\/2023\/04\/IMG-20230418-WA0048.jpg","jetpack_sharing_enabled":true,"jetpack_likes_enabled":true,"amp_enabled":true,"_links":{"self":[{"href":"https:\/\/encuentroinformativo.com.mx\/index.php?rest_route=\/wp\/v2\/posts\/39379","targetHints":{"allow":["GET"]}}],"collection":[{"href":"https:\/\/encuentroinformativo.com.mx\/index.php?rest_route=\/wp\/v2\/posts"}],"about":[{"href":"https:\/\/encuentroinformativo.com.mx\/index.php?rest_route=\/wp\/v2\/types\/post"}],"author":[{"embeddable":true,"href":"https:\/\/encuentroinformativo.com.mx\/index.php?rest_route=\/wp\/v2\/users\/2476"}],"replies":[{"embeddable":true,"href":"https:\/\/encuentroinformativo.com.mx\/index.php?rest_route=%2Fwp%2Fv2%2Fcomments&post=39379"}],"version-history":[{"count":1,"href":"https:\/\/encuentroinformativo.com.mx\/index.php?rest_route=\/wp\/v2\/posts\/39379\/revisions"}],"predecessor-version":[{"id":39381,"href":"https:\/\/encuentroinformativo.com.mx\/index.php?rest_route=\/wp\/v2\/posts\/39379\/revisions\/39381"}],"wp:featuredmedia":[{"embeddable":true,"href":"https:\/\/encuentroinformativo.com.mx\/index.php?rest_route=\/wp\/v2\/media\/39380"}],"wp:attachment":[{"href":"https:\/\/encuentroinformativo.com.mx\/index.php?rest_route=%2Fwp%2Fv2%2Fmedia&parent=39379"}],"wp:term":[{"taxonomy":"category","embeddable":true,"href":"https:\/\/encuentroinformativo.com.mx\/index.php?rest_route=%2Fwp%2Fv2%2Fcategories&post=39379"},{"taxonomy":"post_tag","embeddable":true,"href":"https:\/\/encuentroinformativo.com.mx\/index.php?rest_route=%2Fwp%2Fv2%2Ftags&post=39379"}],"curies":[{"name":"wp","href":"https:\/\/api.w.org\/{rel}","templated":true}]}}