{"id":39382,"date":"2023-04-18T13:12:51","date_gmt":"2023-04-18T19:12:51","guid":{"rendered":"https:\/\/encuentroinformativo.com.mx\/?p=39382"},"modified":"2023-04-18T13:12:54","modified_gmt":"2023-04-18T19:12:54","slug":"refuerzan-operativos-de-seguridad-en-zona-norte-ssp","status":"publish","type":"post","link":"https:\/\/encuentroinformativo.com.mx\/?p=39382","title":{"rendered":"Refuerzan operativos de seguridad en zona norte: SSP"},"content":{"rendered":"\n<p><strong>Alejandro Rosas<\/strong><\/p>\n\n\n\n<p>Emiliano Zapata, Ver.- Ante los hechos de violencia registrados en la zona norte del estado, las autoridades estatales en coordinaci\u00f3n con fuerzas federales han reforzado los operativos de seguridad implementados en la regi\u00f3n de Poza Rica.<\/p>\n\n\n\n<p>As\u00ed lo dio a conocer Cuauht\u00e9moc Z\u00fa\u00f1iga Bonilla titular de la Secretar\u00eda de Seguridad P\u00fablica (SSP), quien descart\u00f3 que existan focos rojos en el estado, por lo que afirm\u00f3 que los operativos se implementan para garantizar la seguridad en los 212 municipios.<\/p>\n\n\n\n<p>\u201cPor instrucciones del gobernador mantenemos un despliegue en lo que es Poza Rica, Tuxpan, en coordinaci\u00f3n con fuerzas federales, estatales y municipales, tenemos el compromiso de garantizar la seguridad no solo en esa zona sino en todo el estado\u201d.<\/p>\n\n\n\n<p>Cuestionado sobre si existe alg\u00fan municipio considerado como foco rojo en materia de seguridad, el secretario de despacho afirm\u00f3 que la dependencia a su cargo trabaja para garantizar la seguridad en todo el territorio veracruzano por lo que dijo no existe ninguno considerado como foco rojo.<\/p>\n\n\n\n<p>\u201cNo tenemos como tal, focos rojos, estamos garantizando la seguridad en los 212 municipios. Sin embargo, siempre surge alguna situaci\u00f3n como lo sucedido en enero en esa zona, pero estamos atendiendo todos los municipios\u201d.<\/p>\n\n\n\n<p>En otro orden de ideas, cuestionado sobre la implementaci\u00f3n del Operativo Mochila en las escuelas, Z\u00fa\u00f1iga Bonilla afirm\u00f3 que mantienen coordinaci\u00f3n con la Secretar\u00eda de Educaci\u00f3n de Veracruz para participar en esas actividades.<\/p>\n\n\n\n<p>\u201cMantenemos una coordinaci\u00f3n muy estrecha con la Secretar\u00eda de Educaci\u00f3n y cuando nos han requerido el apoyo con este tipo de operativos nosotros lo damos para garantizar la seguridad nada m\u00e1s. Ah\u00ed los padres de familia son los que hacen las revisiones de las mochilas\u201d, puntualiz\u00f3.<\/p>\n","protected":false},"excerpt":{"rendered":"<p>Alejandro Rosas Emiliano Zapata, Ver.- Ante los hechos de violencia registrados en la zona norte del estado, las autoridades estatales en coordinaci\u00f3n con fuerzas federales han reforzado los operativos de seguridad implementados en la regi\u00f3n de Poza Rica. As\u00ed lo dio a conocer Cuauht\u00e9moc Z\u00fa\u00f1iga Bonilla titular de la Secretar\u00eda de Seguridad P\u00fablica (SSP), quien [&hellip;]<\/p>\n","protected":false},"author":2476,"featured_media":39383,"comment_status":"open","ping_status":"open","sticky":false,"template":"","format":"standard","meta":{"_jetpack_memberships_contains_paid_content":false,"footnotes":""},"categories":[2],"tags":[],"class_list":["post-39382","post","type-post","status-publish","format-standard","has-post-thumbnail","hentry","category-estado"],"jetpack_featured_media_url":"https:\/\/encuentroinformativo.com.mx\/wp-content\/uploads\/2023\/04\/IMG-20230418-WA0042.jpg","jetpack_sharing_enabled":true,"jetpack_likes_enabled":true,"amp_enabled":true,"_links":{"self":[{"href":"https:\/\/encuentroinformativo.com.mx\/index.php?rest_route=\/wp\/v2\/posts\/39382","targetHints":{"allow":["GET"]}}],"collection":[{"href":"https:\/\/encuentroinformativo.com.mx\/index.php?rest_route=\/wp\/v2\/posts"}],"about":[{"href":"https:\/\/encuentroinformativo.com.mx\/index.php?rest_route=\/wp\/v2\/types\/post"}],"author":[{"embeddable":true,"href":"https:\/\/encuentroinformativo.com.mx\/index.php?rest_route=\/wp\/v2\/users\/2476"}],"replies":[{"embeddable":true,"href":"https:\/\/encuentroinformativo.com.mx\/index.php?rest_route=%2Fwp%2Fv2%2Fcomments&post=39382"}],"version-history":[{"count":1,"href":"https:\/\/encuentroinformativo.com.mx\/index.php?rest_route=\/wp\/v2\/posts\/39382\/revisions"}],"predecessor-version":[{"id":39384,"href":"https:\/\/encuentroinformativo.com.mx\/index.php?rest_route=\/wp\/v2\/posts\/39382\/revisions\/39384"}],"wp:featuredmedia":[{"embeddable":true,"href":"https:\/\/encuentroinformativo.com.mx\/index.php?rest_route=\/wp\/v2\/media\/39383"}],"wp:attachment":[{"href":"https:\/\/encuentroinformativo.com.mx\/index.php?rest_route=%2Fwp%2Fv2%2Fmedia&parent=39382"}],"wp:term":[{"taxonomy":"category","embeddable":true,"href":"https:\/\/encuentroinformativo.com.mx\/index.php?rest_route=%2Fwp%2Fv2%2Fcategories&post=39382"},{"taxonomy":"post_tag","embeddable":true,"href":"https:\/\/encuentroinformativo.com.mx\/index.php?rest_route=%2Fwp%2Fv2%2Ftags&post=39382"}],"curies":[{"name":"wp","href":"https:\/\/api.w.org\/{rel}","templated":true}]}}