{"id":39388,"date":"2023-04-18T14:54:21","date_gmt":"2023-04-18T20:54:21","guid":{"rendered":"https:\/\/encuentroinformativo.com.mx\/?p=39388"},"modified":"2023-04-18T14:54:21","modified_gmt":"2023-04-18T20:54:21","slug":"temas-juridicos-retrasan-creacion-de-facultad-de-artes-en-ex-penal","status":"publish","type":"post","link":"https:\/\/encuentroinformativo.com.mx\/?p=39388","title":{"rendered":"Temas jur\u00eddicos retrasan creaci\u00f3n de Facultad de Artes en ex penal"},"content":{"rendered":"\n<p><strong>Alejandro \u00c1vila<\/strong><\/p>\n\n\n\n<p>Boca del R\u00edo, Ver.- El proyecto de la creaci\u00f3n de una Facultad de Artes en el ex penal de Allende del municipio de Veracruz lleva ciertos retrasos por temas jur\u00eddicos legales, reconoci\u00f3 vicerrector de la Universidad Veracruzana, Rub\u00e9n Edel Navarro.<\/p>\n\n\n\n<p>Si bien no existe una fecha concreta para iniciar con los trabajos de rehabilitaci\u00f3n del inmueble, el vicerrector asegur\u00f3 que el proyecto contin\u00faa y no se ha desestimado.<\/p>\n\n\n\n<p>&#8220;Todo el tr\u00e1mite que se pueda dar en t\u00e9rminos jur\u00eddicos legales se escapa, al menos escapa de mis manos, no s\u00e9 cuanto pueda durar un tr\u00e1mite jur\u00eddico legal. Nosotros quisi\u00e9ramos que se resolviera en este mes o el pr\u00f3ximo mes, pero la realidad es que no tengo una certeza (\u2026) decirte una fecha ser\u00eda irresponsable&#8221;, expres\u00f3.<\/p>\n\n\n\n<p>Es de mencionar que el pasado 27 de octubre del 2022 el Cabildo de Veracruz aprob\u00f3 la donaci\u00f3n del inmueble -ubicado sobre la calle Allende entre Francisco Canal y Hern\u00e1n Cort\u00e9s- a la Universidad Veracruzana, para la creaci\u00f3n de una Facultad de Artes.<\/p>\n\n\n\n<p>&#8220;Es una realidad la asignaci\u00f3n de recursos para solventar esta situaci\u00f3n, no est\u00e1 comprometida con la Universidad, seguimos avanzando, que m\u00e1s quisi\u00e9ramos que esto se moviera a la velocidad que quisi\u00e9ramos, pero no (\u2026) imag\u00ednense, primero contribuir con el Centro Hist\u00f3rico, la parte que nos corresponde, despu\u00e9s es sinergizar diferentes programas que tenemos en la regi\u00f3n, como es la licenciatura en Ense\u00f1anza de las Artes, como es el Taller Libre de Artes, como es el Centro de Iniciaci\u00f3n Musical Infantil, y lo principal de todo eso es darle a los veracruzanos un espacio para la cultura y las artes a la altura de los veracruzanos&#8221;, culmin\u00f3.<\/p>\n","protected":false},"excerpt":{"rendered":"<p>Alejandro \u00c1vila Boca del R\u00edo, Ver.- El proyecto de la creaci\u00f3n de una Facultad de Artes en el ex penal de Allende del municipio de Veracruz lleva ciertos retrasos por temas jur\u00eddicos legales, reconoci\u00f3 vicerrector de la Universidad Veracruzana, Rub\u00e9n Edel Navarro. Si bien no existe una fecha concreta para iniciar con los trabajos de [&hellip;]<\/p>\n","protected":false},"author":2476,"featured_media":39389,"comment_status":"open","ping_status":"open","sticky":false,"template":"","format":"standard","meta":{"_jetpack_memberships_contains_paid_content":false,"footnotes":""},"categories":[2],"tags":[],"class_list":["post-39388","post","type-post","status-publish","format-standard","has-post-thumbnail","hentry","category-estado"],"jetpack_featured_media_url":"https:\/\/encuentroinformativo.com.mx\/wp-content\/uploads\/2023\/04\/IMG-20230418-WA0094.jpg","jetpack_sharing_enabled":true,"jetpack_likes_enabled":true,"amp_enabled":true,"_links":{"self":[{"href":"https:\/\/encuentroinformativo.com.mx\/index.php?rest_route=\/wp\/v2\/posts\/39388","targetHints":{"allow":["GET"]}}],"collection":[{"href":"https:\/\/encuentroinformativo.com.mx\/index.php?rest_route=\/wp\/v2\/posts"}],"about":[{"href":"https:\/\/encuentroinformativo.com.mx\/index.php?rest_route=\/wp\/v2\/types\/post"}],"author":[{"embeddable":true,"href":"https:\/\/encuentroinformativo.com.mx\/index.php?rest_route=\/wp\/v2\/users\/2476"}],"replies":[{"embeddable":true,"href":"https:\/\/encuentroinformativo.com.mx\/index.php?rest_route=%2Fwp%2Fv2%2Fcomments&post=39388"}],"version-history":[{"count":1,"href":"https:\/\/encuentroinformativo.com.mx\/index.php?rest_route=\/wp\/v2\/posts\/39388\/revisions"}],"predecessor-version":[{"id":39390,"href":"https:\/\/encuentroinformativo.com.mx\/index.php?rest_route=\/wp\/v2\/posts\/39388\/revisions\/39390"}],"wp:featuredmedia":[{"embeddable":true,"href":"https:\/\/encuentroinformativo.com.mx\/index.php?rest_route=\/wp\/v2\/media\/39389"}],"wp:attachment":[{"href":"https:\/\/encuentroinformativo.com.mx\/index.php?rest_route=%2Fwp%2Fv2%2Fmedia&parent=39388"}],"wp:term":[{"taxonomy":"category","embeddable":true,"href":"https:\/\/encuentroinformativo.com.mx\/index.php?rest_route=%2Fwp%2Fv2%2Fcategories&post=39388"},{"taxonomy":"post_tag","embeddable":true,"href":"https:\/\/encuentroinformativo.com.mx\/index.php?rest_route=%2Fwp%2Fv2%2Ftags&post=39388"}],"curies":[{"name":"wp","href":"https:\/\/api.w.org\/{rel}","templated":true}]}}