{"id":39396,"date":"2023-04-18T15:48:59","date_gmt":"2023-04-18T21:48:59","guid":{"rendered":"https:\/\/encuentroinformativo.com.mx\/?p=39396"},"modified":"2023-04-18T15:49:03","modified_gmt":"2023-04-18T21:49:03","slug":"migrantes-abandonados-en-trailer-ya-fueron-repatriados-gobernador","status":"publish","type":"post","link":"https:\/\/encuentroinformativo.com.mx\/?p=39396","title":{"rendered":"Migrantes abandonados en tr\u00e1iler ya fueron repatriados: Gobernador"},"content":{"rendered":"\n<p><strong>Dario Pale <\/strong><\/p>\n\n\n\n<p>Xalapa, Ver.- El gobernador del estado Cuitl\u00e1huac Garc\u00eda Jim\u00e9nez dio a conocer que los migrantes que fueron rescatados en Nuevo Teapa, dentro de una caja de un trailer ya est\u00e1n en sus pa\u00edses.<\/p>\n\n\n\n<p>Entrevistado posterior a la conmemoraci\u00f3n de la Batalla de Cerro Gordo, dio a conocer que la mayor\u00eda de las personas migrantes que fueron rescatadas del interior de un trailer en los l\u00edmites de Veracruz y Tabasco, ya fueron enviados a sus pa\u00edses de origen.<\/p>\n\n\n\n<p>Coment\u00f3 que la semana pasada fue una de los rescates m\u00e1s grandes ya que fueron m\u00e1s de 200 los que viajaban dentro de una caja de un trailer, algunos ya daban se\u00f1as de deshidrataci\u00f3n, pero afortunadamente no pas\u00f3 a mayores.<\/p>\n\n\n\n<p>Se\u00f1al\u00f3 que se est\u00e1 trabajando en coordinaci\u00f3n con el DIF Estatal para poder atender a las familias que viajan con sus menores hijos y que se quedan en Veracruz, para tener un espacio seguro que ofrecerles.\u00a0<\/p>\n\n\n\n<p>Este albergue se encuentra en la colonia Progreso de la capital veracruzana y ser\u00e1 destinado \u00fanicamente para familias de personas migrantes, adelant\u00f3 el Gobernador.<\/p>\n\n\n\n<p>Finalmente respecto a los 25 menores no acompa\u00f1ados que fueron encontrados en el veh\u00edculo abandonado por un &#8220;pollero&#8221; en Nuevo Teapa, asegur\u00f3 que ya tambi\u00e9n se encuentran en sus pa\u00edses de origen.\u00a0<\/p>\n","protected":false},"excerpt":{"rendered":"<p>Dario Pale Xalapa, Ver.- El gobernador del estado Cuitl\u00e1huac Garc\u00eda Jim\u00e9nez dio a conocer que los migrantes que fueron rescatados en Nuevo Teapa, dentro de una caja de un trailer ya est\u00e1n en sus pa\u00edses. Entrevistado posterior a la conmemoraci\u00f3n de la Batalla de Cerro Gordo, dio a conocer que la mayor\u00eda de las personas [&hellip;]<\/p>\n","protected":false},"author":2476,"featured_media":39397,"comment_status":"open","ping_status":"open","sticky":false,"template":"","format":"standard","meta":{"_jetpack_memberships_contains_paid_content":false,"footnotes":""},"categories":[2],"tags":[],"class_list":["post-39396","post","type-post","status-publish","format-standard","has-post-thumbnail","hentry","category-estado"],"jetpack_featured_media_url":"https:\/\/encuentroinformativo.com.mx\/wp-content\/uploads\/2023\/04\/IMG-20230418-WA00462.jpg","jetpack_sharing_enabled":true,"jetpack_likes_enabled":true,"amp_enabled":true,"_links":{"self":[{"href":"https:\/\/encuentroinformativo.com.mx\/index.php?rest_route=\/wp\/v2\/posts\/39396","targetHints":{"allow":["GET"]}}],"collection":[{"href":"https:\/\/encuentroinformativo.com.mx\/index.php?rest_route=\/wp\/v2\/posts"}],"about":[{"href":"https:\/\/encuentroinformativo.com.mx\/index.php?rest_route=\/wp\/v2\/types\/post"}],"author":[{"embeddable":true,"href":"https:\/\/encuentroinformativo.com.mx\/index.php?rest_route=\/wp\/v2\/users\/2476"}],"replies":[{"embeddable":true,"href":"https:\/\/encuentroinformativo.com.mx\/index.php?rest_route=%2Fwp%2Fv2%2Fcomments&post=39396"}],"version-history":[{"count":1,"href":"https:\/\/encuentroinformativo.com.mx\/index.php?rest_route=\/wp\/v2\/posts\/39396\/revisions"}],"predecessor-version":[{"id":39398,"href":"https:\/\/encuentroinformativo.com.mx\/index.php?rest_route=\/wp\/v2\/posts\/39396\/revisions\/39398"}],"wp:featuredmedia":[{"embeddable":true,"href":"https:\/\/encuentroinformativo.com.mx\/index.php?rest_route=\/wp\/v2\/media\/39397"}],"wp:attachment":[{"href":"https:\/\/encuentroinformativo.com.mx\/index.php?rest_route=%2Fwp%2Fv2%2Fmedia&parent=39396"}],"wp:term":[{"taxonomy":"category","embeddable":true,"href":"https:\/\/encuentroinformativo.com.mx\/index.php?rest_route=%2Fwp%2Fv2%2Fcategories&post=39396"},{"taxonomy":"post_tag","embeddable":true,"href":"https:\/\/encuentroinformativo.com.mx\/index.php?rest_route=%2Fwp%2Fv2%2Ftags&post=39396"}],"curies":[{"name":"wp","href":"https:\/\/api.w.org\/{rel}","templated":true}]}}