{"id":39399,"date":"2023-04-18T15:57:10","date_gmt":"2023-04-18T21:57:10","guid":{"rendered":"https:\/\/encuentroinformativo.com.mx\/?p=39399"},"modified":"2023-04-18T15:57:14","modified_gmt":"2023-04-18T21:57:14","slug":"amlo-hara-la-mananera-en-veracruz-el-21-de-abril","status":"publish","type":"post","link":"https:\/\/encuentroinformativo.com.mx\/?p=39399","title":{"rendered":"AMLO har\u00e1 &#8220;La Ma\u00f1anera&#8221; en Veracruz el 21 de abril"},"content":{"rendered":"\n<p><strong>Alejandro \u00c1vila<\/strong><\/p>\n\n\n\n<p>Veracruz, Ver.- El presidente Andr\u00e9s Manuel L\u00f3pez Obrador visitar\u00e1 el puerto de Veracruz el pr\u00f3ximo 21 de abril, donde tendr\u00e1 su conferencia ma\u00f1anera y posteriormente se unir\u00e1 a los festejos de la defensa de la ciudad.<\/p>\n\n\n\n<p>A\u00fan no se define donde ser\u00e1 el sitio de la conferencia de prensa &#8220;La Ma\u00f1anera&#8221;, aunque se vislumbra podr\u00eda realizarse en el Museo Naval o en el recinto sede de la Regi\u00f3n Naval.<\/p>\n\n\n\n<p>Aproximadamente a las 10:30 de la ma\u00f1ana se estar\u00e1 uniendo a la conmemoraci\u00f3n del 109 aniversario de la Defensa del Puerto de Veracruz, misma que se llevar\u00e1 a cabo en el malec\u00f3n de la ciudad y para lo cual la Secretar\u00eda de Marina ya se encuentra realizando los ensayos para la ceremonia.<\/p>\n\n\n\n<p>En dicho evento tambi\u00e9n habr\u00e1 jura de bandera de los cadetes y entrega de espadines.<\/p>\n\n\n\n<p>Es de mencionar que, cada a\u00f1o se celebra en el puerto de Veracruz la defensa de la ciudad, la cual se llev\u00f3 a cabo el 21 de abril de 1914 y donde quedaron marcados los nombres del Teniente, Jos\u00e9 Azueta; y el cadete Virgilio Uribe.<\/p>\n\n\n\n<p>A pesar de que la ciudad de Veracruz ha sido cuatro veces heroica, la del 21 de abril es una de las batallas m\u00e1s recordadas.<\/p>\n\n\n\n<p>En el evento del pr\u00f3ximo viernes se tiene contemplado un desfile de los elementos de la Heroica Escuela Naval, adem\u00e1s de actividades acu\u00e1ticas y a\u00e9reas.<\/p>\n","protected":false},"excerpt":{"rendered":"<p>Alejandro \u00c1vila Veracruz, Ver.- El presidente Andr\u00e9s Manuel L\u00f3pez Obrador visitar\u00e1 el puerto de Veracruz el pr\u00f3ximo 21 de abril, donde tendr\u00e1 su conferencia ma\u00f1anera y posteriormente se unir\u00e1 a los festejos de la defensa de la ciudad. A\u00fan no se define donde ser\u00e1 el sitio de la conferencia de prensa &#8220;La Ma\u00f1anera&#8221;, aunque se [&hellip;]<\/p>\n","protected":false},"author":2476,"featured_media":39400,"comment_status":"open","ping_status":"open","sticky":false,"template":"","format":"standard","meta":{"_jetpack_memberships_contains_paid_content":false,"footnotes":""},"categories":[2],"tags":[],"class_list":["post-39399","post","type-post","status-publish","format-standard","has-post-thumbnail","hentry","category-estado"],"jetpack_featured_media_url":"https:\/\/encuentroinformativo.com.mx\/wp-content\/uploads\/2023\/04\/IMG-20230418-WA01132.jpg","jetpack_sharing_enabled":true,"jetpack_likes_enabled":true,"amp_enabled":true,"_links":{"self":[{"href":"https:\/\/encuentroinformativo.com.mx\/index.php?rest_route=\/wp\/v2\/posts\/39399","targetHints":{"allow":["GET"]}}],"collection":[{"href":"https:\/\/encuentroinformativo.com.mx\/index.php?rest_route=\/wp\/v2\/posts"}],"about":[{"href":"https:\/\/encuentroinformativo.com.mx\/index.php?rest_route=\/wp\/v2\/types\/post"}],"author":[{"embeddable":true,"href":"https:\/\/encuentroinformativo.com.mx\/index.php?rest_route=\/wp\/v2\/users\/2476"}],"replies":[{"embeddable":true,"href":"https:\/\/encuentroinformativo.com.mx\/index.php?rest_route=%2Fwp%2Fv2%2Fcomments&post=39399"}],"version-history":[{"count":1,"href":"https:\/\/encuentroinformativo.com.mx\/index.php?rest_route=\/wp\/v2\/posts\/39399\/revisions"}],"predecessor-version":[{"id":39401,"href":"https:\/\/encuentroinformativo.com.mx\/index.php?rest_route=\/wp\/v2\/posts\/39399\/revisions\/39401"}],"wp:featuredmedia":[{"embeddable":true,"href":"https:\/\/encuentroinformativo.com.mx\/index.php?rest_route=\/wp\/v2\/media\/39400"}],"wp:attachment":[{"href":"https:\/\/encuentroinformativo.com.mx\/index.php?rest_route=%2Fwp%2Fv2%2Fmedia&parent=39399"}],"wp:term":[{"taxonomy":"category","embeddable":true,"href":"https:\/\/encuentroinformativo.com.mx\/index.php?rest_route=%2Fwp%2Fv2%2Fcategories&post=39399"},{"taxonomy":"post_tag","embeddable":true,"href":"https:\/\/encuentroinformativo.com.mx\/index.php?rest_route=%2Fwp%2Fv2%2Ftags&post=39399"}],"curies":[{"name":"wp","href":"https:\/\/api.w.org\/{rel}","templated":true}]}}