{"id":39413,"date":"2023-04-19T09:35:56","date_gmt":"2023-04-19T15:35:56","guid":{"rendered":"https:\/\/encuentroinformativo.com.mx\/?p=39413"},"modified":"2023-04-19T09:36:03","modified_gmt":"2023-04-19T15:36:03","slug":"a-la-oposicion-le-falta-barrio","status":"publish","type":"post","link":"https:\/\/encuentroinformativo.com.mx\/?p=39413","title":{"rendered":"A LA OPOSICI\u00d3N LE FALTA BARRIO"},"content":{"rendered":"\n<p><strong>Los Pol\u00edticos<\/strong><\/p>\n\n\n\n<p><strong>Salvador Mu\u00f1oz<\/strong><\/p>\n\n\n\n<p>A la Oposici\u00f3n le urge definirse a la de ya porque es evidente, al menos en la percepci\u00f3n de muchos medios de informaci\u00f3n as\u00ed como en ciudadanos, que Morena les \u201caventaja\u201d en la carrera al 2024, tanto en el plano nacional como en la entidad veracruzana.<\/p>\n\n\n\n<p>\u00bfEn qu\u00e9 consiste la percepci\u00f3n? En dos puntos:<\/p>\n\n\n\n<p>El primero es que con cualquiera de las corcholatas que tiene Morena \u201cgana\u201d porque no tiene adversario enfrente; volvemos a lo mismo: sea en el \u00e1mbito nacional o en el que nos interesa: Veracruz.<\/p>\n\n\n\n<p>El segundo es que sean o no, las elijan o no, en un alto porcentaje del ciudadano y de la oposici\u00f3n, las figuras de Morena para contender por el 2024 por la Presidencia y por la entidad jarocha, tienen nombre, rostro, cuerpo\u2026 son tangibles.<\/p>\n\n\n\n<p>Ahora, cuando se habla de Oposici\u00f3n, se abarca a la alianza PAN-PRI-PRD as\u00ed como Movimiento Ciudadano.<\/p>\n\n\n\n<p>Si nos enfocamos en la primera fuerza, por el PAN hay que reconocerle a Julen Rementer\u00eda su inter\u00e9s en hacerse notar, en ser voz cr\u00edtica, en alzar la mano constantemente para que el ciudadano lo vea como una opci\u00f3n\u2026 porque su partido, todo indica que no.<\/p>\n\n\n\n<p>En el caso del PRI, son tantos los citados que a la vez se vuelve ninguno. Est\u00e1n los Yunes, H\u00e9ctor y Pepe; citan a Anil\u00fa Ingram; igual mencionan a Juan Manuel Diez Francos, pero se vuelven esfuerzos aislados\u2026<\/p>\n\n\n\n<p>Se entiende, son respetuosos de los tiempos, de las formas, del fondo, pero al parecer no se han dado cuenta contra qui\u00e9n est\u00e1n jugando\u2026 ellos apuestan al \u201cfair play\u201d pero tienen enfrente a quienes mandan a la chingada con la mano en la cintura a las instituciones, a los c\u00f3digos, al buen comportamiento\u2026 a las leyes para hacer su ley.<\/p>\n\n\n\n<p>En Movimiento Ciudadano, hay de dos: Si no es Dante Delgado el que aparece, es Sergio Gil Rull\u00e1n; alguna vez se pens\u00f3 en Ruth Callejas, pero se fue apagando esa posibilidad; alguna vez se pens\u00f3 en Jos\u00e9 Manuel del R\u00edo Virgen, pero al parecer, no se atrevi\u00f3\u2026 En este caso, pues, a menos que nos d\u00e9 una sorpresa el partido naranja, todo indica que el candidato puede ser Dante o Sergio\u2026 no creemos que se vayan a aventar la puntada de no participar como en el Estado de M\u00e9xico.<\/p>\n\n\n\n<p>Centr\u00e1ndonos en la entidad, \u00bfcu\u00e1les ser\u00edan los beneficios de una definici\u00f3n en estos momentos? Una muy simple: destapar al tapado para irle poniendo rostro, cuerpo, nombre a la opci\u00f3n.<\/p>\n\n\n\n<p>El motivo de la urgencia de una definici\u00f3n es porque en estos momentos, al menos en Veracruz, se va forjando una idea en el ciudadano mezcla de conformismo y resignaci\u00f3n: que el que llegue o la que llegue, no sea tan pendejo como el que est\u00e1. Es decir, la idea de Morena de sembrar un triunfalismo sin elecciones, va creciendo, ya dio tallo\u2026 porque la Oposici\u00f3n no le da certeza al ciudadano de opciones porque est\u00e1n esperando los tiempos, cuando es precisamente lo que no tienen porque enfrente, son gandallas.<\/p>\n\n\n\n<p>As\u00ed, en t\u00e9rminos coloquiales, bien podr\u00edamos decir que a estas alturas, a la Oposici\u00f3n, sea PAN-PRI-PRD o Movimiento Ciudadano, le falta barrio\u2026 y definirse a la de ya.<\/p>\n","protected":false},"excerpt":{"rendered":"<p>Los Pol\u00edticos Salvador Mu\u00f1oz A la Oposici\u00f3n le urge definirse a la de ya porque es evidente, al menos en la percepci\u00f3n de muchos medios de informaci\u00f3n as\u00ed como en ciudadanos, que Morena les \u201caventaja\u201d en la carrera al 2024, tanto en el plano nacional como en la entidad veracruzana. \u00bfEn qu\u00e9 consiste la percepci\u00f3n? [&hellip;]<\/p>\n","protected":false},"author":2476,"featured_media":387,"comment_status":"open","ping_status":"open","sticky":false,"template":"","format":"standard","meta":{"_jetpack_memberships_contains_paid_content":false,"footnotes":""},"categories":[11],"tags":[],"class_list":["post-39413","post","type-post","status-publish","format-standard","has-post-thumbnail","hentry","category-opinion"],"jetpack_featured_media_url":"https:\/\/encuentroinformativo.com.mx\/wp-content\/uploads\/2020\/03\/7CF8A22B-2764-47BE-8F7F-38FE9E5D6A2F.jpeg","jetpack_sharing_enabled":true,"jetpack_likes_enabled":true,"amp_enabled":true,"_links":{"self":[{"href":"https:\/\/encuentroinformativo.com.mx\/index.php?rest_route=\/wp\/v2\/posts\/39413","targetHints":{"allow":["GET"]}}],"collection":[{"href":"https:\/\/encuentroinformativo.com.mx\/index.php?rest_route=\/wp\/v2\/posts"}],"about":[{"href":"https:\/\/encuentroinformativo.com.mx\/index.php?rest_route=\/wp\/v2\/types\/post"}],"author":[{"embeddable":true,"href":"https:\/\/encuentroinformativo.com.mx\/index.php?rest_route=\/wp\/v2\/users\/2476"}],"replies":[{"embeddable":true,"href":"https:\/\/encuentroinformativo.com.mx\/index.php?rest_route=%2Fwp%2Fv2%2Fcomments&post=39413"}],"version-history":[{"count":1,"href":"https:\/\/encuentroinformativo.com.mx\/index.php?rest_route=\/wp\/v2\/posts\/39413\/revisions"}],"predecessor-version":[{"id":39414,"href":"https:\/\/encuentroinformativo.com.mx\/index.php?rest_route=\/wp\/v2\/posts\/39413\/revisions\/39414"}],"wp:featuredmedia":[{"embeddable":true,"href":"https:\/\/encuentroinformativo.com.mx\/index.php?rest_route=\/wp\/v2\/media\/387"}],"wp:attachment":[{"href":"https:\/\/encuentroinformativo.com.mx\/index.php?rest_route=%2Fwp%2Fv2%2Fmedia&parent=39413"}],"wp:term":[{"taxonomy":"category","embeddable":true,"href":"https:\/\/encuentroinformativo.com.mx\/index.php?rest_route=%2Fwp%2Fv2%2Fcategories&post=39413"},{"taxonomy":"post_tag","embeddable":true,"href":"https:\/\/encuentroinformativo.com.mx\/index.php?rest_route=%2Fwp%2Fv2%2Ftags&post=39413"}],"curies":[{"name":"wp","href":"https:\/\/api.w.org\/{rel}","templated":true}]}}