{"id":3942,"date":"2020-07-08T08:23:51","date_gmt":"2020-07-08T13:23:51","guid":{"rendered":"https:\/\/encuentroinformativo.com\/?p=3942"},"modified":"2020-07-08T08:23:53","modified_gmt":"2020-07-08T13:23:53","slug":"le-salen-mas-precandidatos-a-morena","status":"publish","type":"post","link":"https:\/\/encuentroinformativo.com.mx\/?p=3942","title":{"rendered":"Le salen m\u00e1s precandidatos a Morena"},"content":{"rendered":"\n<p><strong>Los Pol\u00edticos<\/strong><\/p>\n\n\n\n<p><strong>Salvador Mu\u00f1oz<\/strong><br><\/p>\n\n\n\n<p>Una pregunta hicieron con respecto a las tres damas y el var\u00f3n que cit\u00e9 en pasada columna como potenciales precandidatos de Morena en pos de la presidencia municipal: \u00bfY Cinthya Lobato?<\/p>\n\n\n\n<p>Una observaci\u00f3n hicieron con respecto a mi propuesta de que fuera Ricardo Ahued el candidato, bajo la idea de que s\u00f3lo \u00e9l podr\u00eda mantener para Morena, la presidencia municipal de la capital del Estado: El empresario del pl\u00e1stico no ir\u00eda pero apoyar\u00eda a Ernesto P\u00e9rez Astorga o To\u00f1o Ballesteros\u2026<\/p>\n\n\n\n<p>Si usted se sorprendi\u00f3 con la menci\u00f3n de Cinthya entre los precandidatos de Morena, igual yo me qued\u00e9 \u00a1de a seis! \u00bfNo se supone que Lobato tiene \u201csu\u201d partido ciudadano y que si en un momento dado, fuera postulada como candidata, tendr\u00eda que ser por Unidad Ciudadana? Hay que recordar que los nuevos partidos en su primera participaci\u00f3n en una elecci\u00f3n, se tienen que rascar con sus propias u\u00f1as, es decir, tienen que ir solos, sin alianzas\u2026 entonces, \u00bfd\u00f3nde entra Morena? \u2013pregunt\u00e9 a mi interlocutor y me respondi\u00f3 lo siguiente\u2013 si bien, Morena no la contempla, s\u00ed Ricardo Monreal\u2026 \u00a1De ese tama\u00f1o!<\/p>\n\n\n\n<p>En el caso de P\u00e9rez Astorga y To\u00f1o Ballesteros, quienes consideran que ser\u00e1n las cartas de Ahued es porque creen que el Senador no aplicar\u00eda la de Chiquinando, es decir, saltar del Senado a la Alcald\u00eda\u2026 cuesti\u00f3n de enfoques\u2026 aunque con respeto a ambas \u201ccartas\u201d, mi voto no ser\u00eda para ninguno de \u00e9stos\u2026<\/p>\n\n\n\n<p>Pero hubo otros enfoques a ra\u00edz de esa columna\u2026 Ahora, en Morena, se tiene contemplado la cuesti\u00f3n de g\u00e9nero y hay quienes est\u00e1n echando la carne al asador por Rosalinda Galindo si la balanza se inclina por una mujer; o si es var\u00f3n, ni Ahued, ni P\u00e9rez ni Ballesteros\u2026 \u00a1el bueno ser\u00eda Eleazar Guerrero! El candidato o la candidata ser\u00eda de Morena-Verde\u2026<\/p>\n\n\n\n<p>En el caso del PAN, al igual que el PRI y PRD, se disputan a David Velasco Chedraui aunque el empresario se mantiene al margen de las grillas pol\u00edticas para meterse de lleno al di\u00e1logo y proyecci\u00f3n de ideas con empresarios, para que de un modo u otro, alivianen en estos momentos de incertidumbre en inversiones, empleos y econom\u00eda\u2026 mientras, ni p\u00edo dice\u2026<\/p>\n\n\n\n<p>Hay quienes consideran tambi\u00e9n que podr\u00eda volver al escenario pol\u00edtico el famoso Pipo V\u00e1zquez, s\u00ed, igual, por el nuevo PES (Partido Encuentro Solidario)\u2026 no hay que olvidar que los V\u00e1zquez pusieron su granito de arena para apoyar a Cuic aunque creo que los batearon y feo&#8230; Pipo fue el candidato a Gobernador all\u00e1 en el 2016 por el PES (cuando era Encuentro Social)\u2026 ahora ser\u00eda por la alcald\u00eda xalape\u00f1a\u2026. \u00bfAm\u00e9rico por Podemos? Sinceramente no creo\u2026 imaginen que de delegado del PRI en la tierra del camote pasara a la del chile xalape\u00f1o como candidato con otro partido que no es el de sus amores?<\/p>\n\n\n\n<p>En fin, falta mucho trecho que caminar y qui\u00e9n fuera a decir\u2026 de cuatro precandidatos que se pensaban para Morena en la capital veracruzana, aparecieron 3 m\u00e1s\u2026 bueno, P\u00e9rez Astorga y Ballesteros por Morena, y Cinthya con Monreal con Unidad Ciudadana\u2026<br><\/p>\n\n\n\n<p><strong>\u00a1Gladys no se raja!<\/strong><\/p>\n\n\n\n<p>\u201cEn ning\u00fan momento he declinado a mi derecho de obtener la ratificaci\u00f3n a mi nombramiento como Magistrada del Poder Judicial del Estado (PJE)\u201d, coment\u00f3 a reporteros la Magistrada del Poder Judicial del estado de Veracruz, Gladys P\u00e9rez Maldonado, despu\u00e9s de que el pasado 29 de junio, en portal Vanguardia, la reportera Ada Reyes diera a conocer que el Consejo de la Judicatura del Poder Judicial de Veracruz dejaba fuera a los magistrados Fernando Charleston y Gladys P\u00e9rez Maldonado, \u201cya que no ser\u00e1n ratificados en el cargo. Fue hace unos d\u00edas cuando el Consejo sesion\u00f3 y determin\u00f3 dejarlos fuera, pese a que podr\u00edan estar en el cargo por un periodo de 10 a\u00f1os\u201d.<\/p>\n\n\n\n<p>El 29 de enero, precisa la magistrada Gladys P\u00e9rez Maldonado, solicit\u00f3 al Consejo de la Judicatura de la entidad, \u201cse iniciara el procedimiento de ratificaci\u00f3n de su nombramiento como Magistrada del Poder Judicial del Estado de Veracruz, conforme lo previsto en la Ley Org\u00e1nica del Poder Judicial del Estado, en el Cap\u00edtulo VIII, de los art\u00edculos 209 al 213, estableci\u00e9ndose un periodo no mayor a seis meses previo a la conclusi\u00f3n del cargo de diez a\u00f1os para el que fue nombrado el magistrado, para que el Consejo de la Judicatura analice su situaci\u00f3n y desempe\u00f1o, emitiendo como resultado un dictamen t\u00e9cnico, favorable o no favorable, respecto de su ratificaci\u00f3n\u201d. \u00a1Servida!<\/p>\n","protected":false},"excerpt":{"rendered":"<p>Los Pol\u00edticos Salvador Mu\u00f1oz Una pregunta hicieron con respecto a las tres damas y el var\u00f3n que cit\u00e9 en pasada columna como potenciales precandidatos de Morena en pos de la presidencia municipal: \u00bfY Cinthya Lobato? Una observaci\u00f3n hicieron con respecto a mi propuesta de que fuera Ricardo Ahued el candidato, bajo la idea de que [&hellip;]<\/p>\n","protected":false},"author":1,"featured_media":387,"comment_status":"open","ping_status":"open","sticky":false,"template":"","format":"standard","meta":{"_jetpack_memberships_contains_paid_content":false,"footnotes":""},"categories":[11],"tags":[],"class_list":["post-3942","post","type-post","status-publish","format-standard","has-post-thumbnail","hentry","category-opinion"],"jetpack_featured_media_url":"https:\/\/encuentroinformativo.com.mx\/wp-content\/uploads\/2020\/03\/7CF8A22B-2764-47BE-8F7F-38FE9E5D6A2F.jpeg","jetpack_sharing_enabled":true,"jetpack_likes_enabled":true,"amp_enabled":true,"_links":{"self":[{"href":"https:\/\/encuentroinformativo.com.mx\/index.php?rest_route=\/wp\/v2\/posts\/3942","targetHints":{"allow":["GET"]}}],"collection":[{"href":"https:\/\/encuentroinformativo.com.mx\/index.php?rest_route=\/wp\/v2\/posts"}],"about":[{"href":"https:\/\/encuentroinformativo.com.mx\/index.php?rest_route=\/wp\/v2\/types\/post"}],"author":[{"embeddable":true,"href":"https:\/\/encuentroinformativo.com.mx\/index.php?rest_route=\/wp\/v2\/users\/1"}],"replies":[{"embeddable":true,"href":"https:\/\/encuentroinformativo.com.mx\/index.php?rest_route=%2Fwp%2Fv2%2Fcomments&post=3942"}],"version-history":[{"count":1,"href":"https:\/\/encuentroinformativo.com.mx\/index.php?rest_route=\/wp\/v2\/posts\/3942\/revisions"}],"predecessor-version":[{"id":3943,"href":"https:\/\/encuentroinformativo.com.mx\/index.php?rest_route=\/wp\/v2\/posts\/3942\/revisions\/3943"}],"wp:featuredmedia":[{"embeddable":true,"href":"https:\/\/encuentroinformativo.com.mx\/index.php?rest_route=\/wp\/v2\/media\/387"}],"wp:attachment":[{"href":"https:\/\/encuentroinformativo.com.mx\/index.php?rest_route=%2Fwp%2Fv2%2Fmedia&parent=3942"}],"wp:term":[{"taxonomy":"category","embeddable":true,"href":"https:\/\/encuentroinformativo.com.mx\/index.php?rest_route=%2Fwp%2Fv2%2Fcategories&post=3942"},{"taxonomy":"post_tag","embeddable":true,"href":"https:\/\/encuentroinformativo.com.mx\/index.php?rest_route=%2Fwp%2Fv2%2Ftags&post=3942"}],"curies":[{"name":"wp","href":"https:\/\/api.w.org\/{rel}","templated":true}]}}