{"id":39428,"date":"2023-04-19T11:36:55","date_gmt":"2023-04-19T17:36:55","guid":{"rendered":"https:\/\/encuentroinformativo.com.mx\/?p=39428"},"modified":"2023-04-19T11:36:59","modified_gmt":"2023-04-19T17:36:59","slug":"denuncias-por-violencia-contra-mujeres-son-olvidadas-diputada","status":"publish","type":"post","link":"https:\/\/encuentroinformativo.com.mx\/?p=39428","title":{"rendered":"Denuncias por violencia contra mujeres son olvidadas: Diputada"},"content":{"rendered":"\n<p><strong>Alejandro \u00c1vila<\/strong><\/p>\n\n\n\n<p>Veracruz, Ver.- La diputada local, Ver\u00f3nica Pulido Herrera revel\u00f3 que un estudio del INEGI destaca que en Veracruz las denuncias por violencia contra las mujeres son olvidadas o desechadas en m\u00e1s de un 50 por ciento.<\/p>\n\n\n\n<p>La legisladora panista expuso ante el Congreso de Veracruz que, seg\u00fan los datos de la Encuesta Nacional de Victimizaci\u00f3n y Percepci\u00f3n sobre Seguridad P\u00fablica (ENVIPE) 2022 presentada por el Instituto Nacional de Estad\u00edstica y Geograf\u00eda (INEGI), muestran que el Estado de Veracruz tiene una cifra estimada de 1 mill\u00f3n 145 mil 599 delitos cometidos, y que en el 50.8 por ciento de las carpetas de investigaci\u00f3n no ocurri\u00f3 nada o no se continu\u00f3 con la investigaci\u00f3n; situaci\u00f3n, dijo, que impacta en la falta de credibilidad sobre la actuaci\u00f3n de la autoridad.&nbsp;<\/p>\n\n\n\n<p>El mismo INEGI se\u00f1ala que en Veracruz, m\u00e1s del 30 por ciento de la ciudadan\u00eda persive que denunciar alg\u00fan tipo de violencia contra la mujer en la Fiscal\u00eda General del Estado es una p\u00e9rdida de tiempo.<\/p>\n\n\n\n<p>&#8220;La violencia en nuestro pa\u00eds ha alcanzado niveles y connotaciones nunca imaginados, en el caso que nos ocupa, la violencia contra las mujeres se ha ido acrecentando de manera alarmante. Penosamente, los estereotipos de g\u00e9nero siguen siendo los factores principales en la desigualdad, la cual coloca a las mujeres en situaci\u00f3n de subordinaci\u00f3n y que su cuerpo sea tomado como objeto sexual, lo que se traduce en violencia en raz\u00f3n de g\u00e9nero contra ellas&#8221;.<\/p>\n\n\n\n<p>&#8220;Esta violencia es una franca y abominable violaci\u00f3n a los derechos humanos de las mujeres, consagrados en nuestra Carta Magna y en Tratados Internacionales; ello,&nbsp; conlleva la m\u00e1s imperante obligaci\u00f3n legal de las autoridades,&nbsp; para respetar, proteger, promover y garantizar tales derechos. Sin duda alguna, en cualquier escenario de dicha \u00edndole, lo \u00faltimo que puede desearse o permitirse, es que las autoridades encargadas de tales encomiendas, no sean eficaces en su cometido&#8221;, puntualiz\u00f3.<\/p>\n\n\n\n<p>Ver\u00f3nica Pulido mencion\u00f3 que, el acoso, el hostigamiento y la violencia sexual en la administraci\u00f3n p\u00fablica ha sido una noticia recurrente y, resulta preocupante que como sociedad presenciemos cualquier falta de diligencia en esos casos que son del dominio p\u00fablico.<\/p>\n\n\n\n<p>En ese sentido, record\u00f3 que en el Ayuntamiento de Veracruz se ha denunciado la presencia de un presunto agresor, el cual ocupa un cargo p\u00fablico, y a pesar de las denuncias de las v\u00edctimas, la actuaci\u00f3n de las autoridades se percibe omisa, generando inclusive en la colectividad la percepci\u00f3n de una falta de inter\u00e9s en el esclarecimiento de los hechos.<\/p>\n\n\n\n<p>Tras mostrar los contundentes y lamentables datos, Ver\u00f3nica Pulido present\u00f3 ante el Congreso de Veracruz un ente proyecto de punto de acuerdo, donde se exhorta a la titular de la Fiscal\u00eda General del Estado de Veracruz, Ver\u00f3nica Hern\u00e1ndez Giadans, a que gire instrucciones generales o especiales a los servidores p\u00fablicos bajo su mando, para lograr la expedita procuraci\u00f3n de justicia, investigando con diligencia los delitos de violencia de g\u00e9nero y, en lo particular, aquellos de connotaci\u00f3n sexual, para garantizar a las mujeres v\u00edctimas, su acceso r\u00e1pido, transparente y eficaz a su derecho humano a la justicia.<\/p>\n","protected":false},"excerpt":{"rendered":"<p>Alejandro \u00c1vila Veracruz, Ver.- La diputada local, Ver\u00f3nica Pulido Herrera revel\u00f3 que un estudio del INEGI destaca que en Veracruz las denuncias por violencia contra las mujeres son olvidadas o desechadas en m\u00e1s de un 50 por ciento. La legisladora panista expuso ante el Congreso de Veracruz que, seg\u00fan los datos de la Encuesta Nacional [&hellip;]<\/p>\n","protected":false},"author":2476,"featured_media":39429,"comment_status":"open","ping_status":"open","sticky":false,"template":"","format":"standard","meta":{"_jetpack_memberships_contains_paid_content":false,"footnotes":""},"categories":[2],"tags":[],"class_list":["post-39428","post","type-post","status-publish","format-standard","has-post-thumbnail","hentry","category-estado"],"jetpack_featured_media_url":"https:\/\/encuentroinformativo.com.mx\/wp-content\/uploads\/2023\/04\/IMG-20230419-WA0020.jpg","jetpack_sharing_enabled":true,"jetpack_likes_enabled":true,"amp_enabled":true,"_links":{"self":[{"href":"https:\/\/encuentroinformativo.com.mx\/index.php?rest_route=\/wp\/v2\/posts\/39428","targetHints":{"allow":["GET"]}}],"collection":[{"href":"https:\/\/encuentroinformativo.com.mx\/index.php?rest_route=\/wp\/v2\/posts"}],"about":[{"href":"https:\/\/encuentroinformativo.com.mx\/index.php?rest_route=\/wp\/v2\/types\/post"}],"author":[{"embeddable":true,"href":"https:\/\/encuentroinformativo.com.mx\/index.php?rest_route=\/wp\/v2\/users\/2476"}],"replies":[{"embeddable":true,"href":"https:\/\/encuentroinformativo.com.mx\/index.php?rest_route=%2Fwp%2Fv2%2Fcomments&post=39428"}],"version-history":[{"count":1,"href":"https:\/\/encuentroinformativo.com.mx\/index.php?rest_route=\/wp\/v2\/posts\/39428\/revisions"}],"predecessor-version":[{"id":39430,"href":"https:\/\/encuentroinformativo.com.mx\/index.php?rest_route=\/wp\/v2\/posts\/39428\/revisions\/39430"}],"wp:featuredmedia":[{"embeddable":true,"href":"https:\/\/encuentroinformativo.com.mx\/index.php?rest_route=\/wp\/v2\/media\/39429"}],"wp:attachment":[{"href":"https:\/\/encuentroinformativo.com.mx\/index.php?rest_route=%2Fwp%2Fv2%2Fmedia&parent=39428"}],"wp:term":[{"taxonomy":"category","embeddable":true,"href":"https:\/\/encuentroinformativo.com.mx\/index.php?rest_route=%2Fwp%2Fv2%2Fcategories&post=39428"},{"taxonomy":"post_tag","embeddable":true,"href":"https:\/\/encuentroinformativo.com.mx\/index.php?rest_route=%2Fwp%2Fv2%2Ftags&post=39428"}],"curies":[{"name":"wp","href":"https:\/\/api.w.org\/{rel}","templated":true}]}}