{"id":39438,"date":"2023-04-19T12:40:12","date_gmt":"2023-04-19T18:40:12","guid":{"rendered":"https:\/\/encuentroinformativo.com.mx\/?p=39438"},"modified":"2023-04-19T12:40:16","modified_gmt":"2023-04-19T18:40:16","slug":"se-atendieron-inquietudes-de-taxistas-zuniga-bonilla","status":"publish","type":"post","link":"https:\/\/encuentroinformativo.com.mx\/?p=39438","title":{"rendered":"Se atendieron inquietudes de taxistas: Z\u00fa\u00f1iga Bonilla"},"content":{"rendered":"\n<p><strong>Alejandro Rosas<\/strong><\/p>\n\n\n\n<p>Xalapa, Ver.- El secretario de Seguridad P\u00fablica, Cuauht\u00e9moc Z\u00fa\u00f1iga Bonilla precis\u00f3 que fueron atendidas todas las inquietudes de taxistas de la zona centro que buscaban un acercamiento con las autoridades estatales.<\/p>\n\n\n\n<p>En entrevista el funcionario estatal explic\u00f3 que mantiene comunicaci\u00f3n constante con el director de transporte por lo que descart\u00f3 que existan anomal\u00edas en dicha \u00e1rea.<\/p>\n\n\n\n<p>Cuestionado sobre la atenci\u00f3n que se brind\u00f3 a los taxistas de esa regi\u00f3n precis\u00f3: \u201cComo lo instruy\u00f3 el se\u00f1or gobernador tuvimos una mesa de di\u00e1logo, se atendieron todos sus requerimientos, se llev\u00f3 un consenso y todo bien\u2026 no hubo dobles folios en esa reuni\u00f3n se hizo la aclaraci\u00f3n correspondiente\u201d.<\/p>\n\n\n\n<p>Se tiene una comunicaci\u00f3n directa y constante con el director de transporte por eso les reitero que no hubo duplicidad, enfatiz\u00f3.<\/p>\n\n\n\n<p>Cabe recordar que a inicios de la presente semana taxistas de distintos municipios intentaron arribar a la capital del estado para efectuar manifestaciones, sin embargo, a trav\u00e9s de un operativo implementado en las v\u00edas de comunicaci\u00f3n, fueron \u00fanicamente los representantes los que llegaron a Xalapa para reunirse con las autoridades estatales.<\/p>\n","protected":false},"excerpt":{"rendered":"<p>Alejandro Rosas Xalapa, Ver.- El secretario de Seguridad P\u00fablica, Cuauht\u00e9moc Z\u00fa\u00f1iga Bonilla precis\u00f3 que fueron atendidas todas las inquietudes de taxistas de la zona centro que buscaban un acercamiento con las autoridades estatales. En entrevista el funcionario estatal explic\u00f3 que mantiene comunicaci\u00f3n constante con el director de transporte por lo que descart\u00f3 que existan anomal\u00edas [&hellip;]<\/p>\n","protected":false},"author":2476,"featured_media":39439,"comment_status":"open","ping_status":"open","sticky":false,"template":"","format":"standard","meta":{"_jetpack_memberships_contains_paid_content":false,"footnotes":""},"categories":[2],"tags":[],"class_list":["post-39438","post","type-post","status-publish","format-standard","has-post-thumbnail","hentry","category-estado"],"jetpack_featured_media_url":"https:\/\/encuentroinformativo.com.mx\/wp-content\/uploads\/2023\/04\/Photo_1681929406474.jpg","jetpack_sharing_enabled":true,"jetpack_likes_enabled":true,"amp_enabled":true,"_links":{"self":[{"href":"https:\/\/encuentroinformativo.com.mx\/index.php?rest_route=\/wp\/v2\/posts\/39438","targetHints":{"allow":["GET"]}}],"collection":[{"href":"https:\/\/encuentroinformativo.com.mx\/index.php?rest_route=\/wp\/v2\/posts"}],"about":[{"href":"https:\/\/encuentroinformativo.com.mx\/index.php?rest_route=\/wp\/v2\/types\/post"}],"author":[{"embeddable":true,"href":"https:\/\/encuentroinformativo.com.mx\/index.php?rest_route=\/wp\/v2\/users\/2476"}],"replies":[{"embeddable":true,"href":"https:\/\/encuentroinformativo.com.mx\/index.php?rest_route=%2Fwp%2Fv2%2Fcomments&post=39438"}],"version-history":[{"count":1,"href":"https:\/\/encuentroinformativo.com.mx\/index.php?rest_route=\/wp\/v2\/posts\/39438\/revisions"}],"predecessor-version":[{"id":39440,"href":"https:\/\/encuentroinformativo.com.mx\/index.php?rest_route=\/wp\/v2\/posts\/39438\/revisions\/39440"}],"wp:featuredmedia":[{"embeddable":true,"href":"https:\/\/encuentroinformativo.com.mx\/index.php?rest_route=\/wp\/v2\/media\/39439"}],"wp:attachment":[{"href":"https:\/\/encuentroinformativo.com.mx\/index.php?rest_route=%2Fwp%2Fv2%2Fmedia&parent=39438"}],"wp:term":[{"taxonomy":"category","embeddable":true,"href":"https:\/\/encuentroinformativo.com.mx\/index.php?rest_route=%2Fwp%2Fv2%2Fcategories&post=39438"},{"taxonomy":"post_tag","embeddable":true,"href":"https:\/\/encuentroinformativo.com.mx\/index.php?rest_route=%2Fwp%2Fv2%2Ftags&post=39438"}],"curies":[{"name":"wp","href":"https:\/\/api.w.org\/{rel}","templated":true}]}}