{"id":3944,"date":"2020-07-08T10:00:58","date_gmt":"2020-07-08T15:00:58","guid":{"rendered":"https:\/\/encuentroinformativo.com\/?p=3944"},"modified":"2020-07-08T10:01:01","modified_gmt":"2020-07-08T15:01:01","slug":"presionan-a-la-fiscalia-por-caso-de-rectora-asesinada","status":"publish","type":"post","link":"https:\/\/encuentroinformativo.com.mx\/?p=3944","title":{"rendered":"PRESIONAN A LA FISCAL\u00cdA POR CASO DE RECTORA ASESINADA"},"content":{"rendered":"\n<ul class=\"wp-block-list\"><li>Llega primer paciente con Covid a Centro de Raqueta.<\/li><li>Patrullas de Xico abandonadas.<\/li><li>Llega titular de &#8220;Sembrando Vida&#8221; a Acayucan.<\/li><\/ul>\n\n\n\n<p>C\u00f3mo estar\u00e1n de jodidas las noticias este martes, que nom\u00e1s veo que hablan del cubrebocas de AMLO.<br>\n&#8211;Chopenjawer<\/p>\n\n\n\n<p>En estos d\u00edas comenzaron a haber presiones serias hacia la Fiscal\u00eda General de Veracruz, toda vez que han comenzado a pronunciarse actores pol\u00edticos para que se esclarezca ya el asesinato de la rectora de la Universidad Valladolid, Guadalupe Mart\u00ednez Aguilar, ocurrido el 29 de junio.<\/p>\n\n\n\n<p>La rectora de la Universidad Veracruzana, Sara Ladr\u00f3n de Guevara, fue la que caus\u00f3 ruido en la entidad veracruzana al publicar en redes sociales un desplegado con el siguiente mensaje: &#8220;Rectoras de universidades del pa\u00eds manifestamos nuestra indignaci\u00f3n y agravio por la violencia contra las mujeres que no cesa. Defendemos la vocaci\u00f3n de la Universidad como espacio de defensa de la verdad, la igualdad y los derechos humanos&#8221;\u2026 (\u00a1Ah, shing\u00e1! \u00bfQu\u00e9 no eran aliados ya?).<\/p>\n\n\n\n<p>La carta, dirigida al presidente Andr\u00e9s Manuel L\u00f3pez Obrador y la clase pol\u00edtica del pa\u00eds, hace \u00e9nfasis en la vulnerabilidad que tienen las mujeres al carecer de seguridad en espacios cotidianos. Las firmantes son las rectoras de la Universidad del Caribe, Universidad del Claustro de Sor Juana, Presidenta del Colegio de M\u00e9xico, Universidad Aut\u00f3noma Ind\u00edgena de M\u00e9xico, Universidad Aut\u00f3noma de Occidente, Universidad Aut\u00f3noma de Quer\u00e9taro y Universidad Veracruzana.<\/p>\n\n\n\n<p>Por su parte, la Comisi\u00f3n Nacional para Prevenir y Erradicar la Violencia contra las Mujeres (Conavim), tambi\u00e9n pidi\u00f3 a las autoridades de Veracruz una investigaci\u00f3n seria y con prontitud del asesinato de Guadalupe Mart\u00ednez Aguilar, seg\u00fan nota del peri\u00f3dico La Jornada.<\/p>\n\n\n\n<p>&#8220;En particular pidi\u00f3 a la fiscal\u00eda de esa entidad fijar &#8216;plazos breves&#8217; para presentar avances en las investigaciones en torno al asesinato e informar sobre los resultados a esta comisi\u00f3n nacional&#8221;, se lee en la informaci\u00f3n.<\/p>\n\n\n\n<p>Ac\u00e1 en la aldea no ha pasado de haber muletillas ya bastante comunes (y aburridas) como &#8220;no va haber impunidad&#8221; y &#8220;se agotar\u00e1n todas las investigaciones para dar con los responsables&#8221;\u2026 Ni modo que declaren: &#8220;Con la pena, pero esto va a quedar impune&#8221; y los dolientes tengan que resignarse; o que no hagan su trabajo de investigar para dar con los autores.<\/p>\n\n\n\n<p>Lo m\u00e1s destacado hasta ahorita ha sido que, seg\u00fan versiones de la fiscala Ver\u00f3nica Hern\u00e1ndez Giad\u00e1ns, hay dos l\u00edneas de investigaci\u00f3n sobre el homicidio de la rectora\u2026 y ya. Ni un avance, nada.<\/p>\n\n\n\n<p>Es cierto, debe permanecer la secrec\u00eda en el caso, pero ante la conmoci\u00f3n pareciera que en realidad van lentos en para resolver el crimen que ya cumple m\u00e1s de una semana. Un caso de alto nivel que ya escala a niveles nacionales.<\/p>\n\n\n\n<p>No por nada las presiones no cesar\u00e1n contra la Fiscal\u00eda General del Estado; a estas alturas, si hubiese siquiera tantito olfato policiaco (algo que parecen carecer en tiempos de la Cuarta Transformaci\u00f3n), quiz\u00e1s ya tendr\u00edan m\u00e1s que dos l\u00edneas de investigaci\u00f3n.<\/p>\n\n\n\n<p><strong>NOTA PARA PEGAR EN EL REFRI: <\/strong>La tarde de este martes, con el traslado de un paciente no grave de 53 a\u00f1os de edad, inici\u00f3 operaciones el Centro de Atenci\u00f3n M\u00e9dica Expandida COVID-19 (CAME C-19) habilitado en el Centro de Raqueta para la zona conurbada Veracruz-Boca del R\u00edo. El CAME C-19 del Centro de Raqueta inicia con 30 camas y una capacidad m\u00e1xima de 66; es sitio de atenci\u00f3n alternativa para pacientes positivos de coronavirus y que presentan s\u00edntomas leves a moderados.<\/p>\n\n\n\n<p><strong>OTRA NOTA: <\/strong>Que al menos dos patrullas de la Polic\u00eda Municipal de Xico est\u00e1n inservibles y abandonadas desde hace dos meses en la calle; a esto s\u00famese que hubo una balacera reciente donde esas dos unidades bien podr\u00edan haber servido para enfrentar a los malandros, pero ya sabe: la alcaldesa tiene otras prioridades, como querer impulsar la carrera pol\u00edtica de su hija.<\/p>\n\n\n\n<p><strong>LA \u00daLTIMA PORQUE ME DUELE EL DEDO GORDO DEL PIE DERECHO: <\/strong>Que este jueves estar\u00e1 por Acayucan el titular del programa &#8220;Sembrando Vida&#8221; y subsecretario de Planeaci\u00f3n, Evaluaci\u00f3n y Desarrollo Regional de la Secretar\u00eda del Bienestar, el tabasque\u00f1o Javier May Rodr\u00edguez, quien en marzo quiso renunciar al cargo por diferencias con la secretaria de despacho Mar\u00eda Luisa Albores, pero no se lo acept\u00f3 el presidente, por lo que finalmente se qued\u00f3 en el cargo luego de limar asperezas con Albores.<\/p>\n","protected":false},"excerpt":{"rendered":"<p>Llega primer paciente con Covid a Centro de Raqueta. Patrullas de Xico abandonadas. Llega titular de &#8220;Sembrando Vida&#8221; a Acayucan. C\u00f3mo estar\u00e1n de jodidas las noticias este martes, que nom\u00e1s veo que hablan del cubrebocas de AMLO. &#8211;Chopenjawer En estos d\u00edas comenzaron a haber presiones serias hacia la Fiscal\u00eda General de Veracruz, toda vez que [&hellip;]<\/p>\n","protected":false},"author":1,"featured_media":488,"comment_status":"open","ping_status":"open","sticky":false,"template":"","format":"standard","meta":{"_jetpack_memberships_contains_paid_content":false,"footnotes":""},"categories":[11],"tags":[],"class_list":["post-3944","post","type-post","status-publish","format-standard","has-post-thumbnail","hentry","category-opinion"],"jetpack_featured_media_url":"https:\/\/encuentroinformativo.com.mx\/wp-content\/uploads\/2020\/03\/F471F608-BA1A-416B-BA7B-BCFB24F4E6D0.jpeg","jetpack_sharing_enabled":true,"jetpack_likes_enabled":true,"amp_enabled":true,"_links":{"self":[{"href":"https:\/\/encuentroinformativo.com.mx\/index.php?rest_route=\/wp\/v2\/posts\/3944","targetHints":{"allow":["GET"]}}],"collection":[{"href":"https:\/\/encuentroinformativo.com.mx\/index.php?rest_route=\/wp\/v2\/posts"}],"about":[{"href":"https:\/\/encuentroinformativo.com.mx\/index.php?rest_route=\/wp\/v2\/types\/post"}],"author":[{"embeddable":true,"href":"https:\/\/encuentroinformativo.com.mx\/index.php?rest_route=\/wp\/v2\/users\/1"}],"replies":[{"embeddable":true,"href":"https:\/\/encuentroinformativo.com.mx\/index.php?rest_route=%2Fwp%2Fv2%2Fcomments&post=3944"}],"version-history":[{"count":1,"href":"https:\/\/encuentroinformativo.com.mx\/index.php?rest_route=\/wp\/v2\/posts\/3944\/revisions"}],"predecessor-version":[{"id":3945,"href":"https:\/\/encuentroinformativo.com.mx\/index.php?rest_route=\/wp\/v2\/posts\/3944\/revisions\/3945"}],"wp:featuredmedia":[{"embeddable":true,"href":"https:\/\/encuentroinformativo.com.mx\/index.php?rest_route=\/wp\/v2\/media\/488"}],"wp:attachment":[{"href":"https:\/\/encuentroinformativo.com.mx\/index.php?rest_route=%2Fwp%2Fv2%2Fmedia&parent=3944"}],"wp:term":[{"taxonomy":"category","embeddable":true,"href":"https:\/\/encuentroinformativo.com.mx\/index.php?rest_route=%2Fwp%2Fv2%2Fcategories&post=3944"},{"taxonomy":"post_tag","embeddable":true,"href":"https:\/\/encuentroinformativo.com.mx\/index.php?rest_route=%2Fwp%2Fv2%2Ftags&post=3944"}],"curies":[{"name":"wp","href":"https:\/\/api.w.org\/{rel}","templated":true}]}}