{"id":39444,"date":"2023-04-19T13:47:52","date_gmt":"2023-04-19T19:47:52","guid":{"rendered":"https:\/\/encuentroinformativo.com.mx\/?p=39444"},"modified":"2023-04-19T13:47:57","modified_gmt":"2023-04-19T19:47:57","slug":"operativo-de-cateo-en-colonia-veracruz-puerto-un-detenido","status":"publish","type":"post","link":"https:\/\/encuentroinformativo.com.mx\/?p=39444","title":{"rendered":"Operativo de cateo en colonia Veracruz puerto, un detenido"},"content":{"rendered":"\n<p><strong>Alejandro \u00c1vila<\/strong><\/p>\n\n\n\n<p><strong>Fotos: <\/strong>Sergio Aldazaba\/Cortes\u00eda <\/p>\n\n\n\n<p>Veracruz, Ver.- Un fuerte operativo de cateo coordinado por la Secretar\u00eda de Marina y la Fiscal\u00eda General de la Rep\u00fablica se realiz\u00f3 la madrugada de este mi\u00e9rcoles en un domicilio del fraccionamiento Geovillas Los Pinos 2 en la zona norte del municipio de Veracruz.<\/p>\n\n\n\n<p>La actividad inici\u00f3 qproximadamente a las 3 de la ma\u00f1ana de este mi\u00e9rcoles, donde decenas de elementos de ambas corporaciones llegaron a un domicilio ubicado en la avenida Las Gaviotas esquina calle Jaguar.<\/p>\n\n\n\n<p>El operativo gener\u00f3 alerta entre los vecinos, pues patrullas de la Polic\u00eda Naval bloquearon las salidas y resguardaron el per\u00edmetro.<\/p>\n\n\n\n<p>En el lugar se pudo confirmar la detenci\u00f3n de un hombre identificado de manera preliminar como Eduardo &#8220;N&#8221; de 34 a\u00f1os de edad, pero dado el enorme hermetismo con el que operaron las mencionadas corporaciones, se desconoce de que delito se le acusa.<\/p>\n\n\n\n<p>Cabe se\u00f1alar que los uniformados incluso tuvieron como refuerzo una tanqueta blindada de la SEMAR, misma en la que se llevaron esposado al antes mencionado, quien presuntamente se tratar\u00eda de un comerciante.<\/p>\n\n\n\n<p>En este fuerte dispositivo no se realiz\u00f3 ning\u00fan solo disparo, aunque se pudo constatar que la puerta de entrada al mencionado domicilio si fue destrozada por los agentes para dar cumplimiento al mandamiento judicial.<\/p>\n\n\n\n<figure class=\"wp-block-image size-large\"><img loading=\"lazy\" decoding=\"async\" width=\"1024\" height=\"678\" src=\"https:\/\/encuentroinformativo.com.mx\/wp-content\/uploads\/2023\/04\/IMG-20230419-WA0082-1024x678.jpg\" alt=\"\" class=\"wp-image-39446\" srcset=\"https:\/\/encuentroinformativo.com.mx\/wp-content\/uploads\/2023\/04\/IMG-20230419-WA0082-1024x678.jpg 1024w, https:\/\/encuentroinformativo.com.mx\/wp-content\/uploads\/2023\/04\/IMG-20230419-WA0082-300x199.jpg 300w, https:\/\/encuentroinformativo.com.mx\/wp-content\/uploads\/2023\/04\/IMG-20230419-WA0082-768x509.jpg 768w, https:\/\/encuentroinformativo.com.mx\/wp-content\/uploads\/2023\/04\/IMG-20230419-WA0082-1536x1018.jpg 1536w, https:\/\/encuentroinformativo.com.mx\/wp-content\/uploads\/2023\/04\/IMG-20230419-WA0082.jpg 1600w\" sizes=\"auto, (max-width: 1024px) 100vw, 1024px\" \/><\/figure>\n\n\n\n<figure class=\"wp-block-image size-large\"><img loading=\"lazy\" decoding=\"async\" width=\"1024\" height=\"678\" src=\"https:\/\/encuentroinformativo.com.mx\/wp-content\/uploads\/2023\/04\/IMG-20230419-WA0081-1024x678.jpg\" alt=\"\" class=\"wp-image-39447\" srcset=\"https:\/\/encuentroinformativo.com.mx\/wp-content\/uploads\/2023\/04\/IMG-20230419-WA0081-1024x678.jpg 1024w, https:\/\/encuentroinformativo.com.mx\/wp-content\/uploads\/2023\/04\/IMG-20230419-WA0081-300x199.jpg 300w, https:\/\/encuentroinformativo.com.mx\/wp-content\/uploads\/2023\/04\/IMG-20230419-WA0081-768x509.jpg 768w, https:\/\/encuentroinformativo.com.mx\/wp-content\/uploads\/2023\/04\/IMG-20230419-WA0081-1536x1018.jpg 1536w, https:\/\/encuentroinformativo.com.mx\/wp-content\/uploads\/2023\/04\/IMG-20230419-WA0081.jpg 1600w\" sizes=\"auto, (max-width: 1024px) 100vw, 1024px\" \/><\/figure>\n","protected":false},"excerpt":{"rendered":"<p>Alejandro \u00c1vila Fotos: Sergio Aldazaba\/Cortes\u00eda Veracruz, Ver.- Un fuerte operativo de cateo coordinado por la Secretar\u00eda de Marina y la Fiscal\u00eda General de la Rep\u00fablica se realiz\u00f3 la madrugada de este mi\u00e9rcoles en un domicilio del fraccionamiento Geovillas Los Pinos 2 en la zona norte del municipio de Veracruz. La actividad inici\u00f3 qproximadamente a las [&hellip;]<\/p>\n","protected":false},"author":2476,"featured_media":39445,"comment_status":"open","ping_status":"open","sticky":false,"template":"","format":"standard","meta":{"_jetpack_memberships_contains_paid_content":false,"footnotes":""},"categories":[2],"tags":[],"class_list":["post-39444","post","type-post","status-publish","format-standard","has-post-thumbnail","hentry","category-estado"],"jetpack_featured_media_url":"https:\/\/encuentroinformativo.com.mx\/wp-content\/uploads\/2023\/04\/IMG-20230419-WA0084.jpg","jetpack_sharing_enabled":true,"jetpack_likes_enabled":true,"amp_enabled":true,"_links":{"self":[{"href":"https:\/\/encuentroinformativo.com.mx\/index.php?rest_route=\/wp\/v2\/posts\/39444","targetHints":{"allow":["GET"]}}],"collection":[{"href":"https:\/\/encuentroinformativo.com.mx\/index.php?rest_route=\/wp\/v2\/posts"}],"about":[{"href":"https:\/\/encuentroinformativo.com.mx\/index.php?rest_route=\/wp\/v2\/types\/post"}],"author":[{"embeddable":true,"href":"https:\/\/encuentroinformativo.com.mx\/index.php?rest_route=\/wp\/v2\/users\/2476"}],"replies":[{"embeddable":true,"href":"https:\/\/encuentroinformativo.com.mx\/index.php?rest_route=%2Fwp%2Fv2%2Fcomments&post=39444"}],"version-history":[{"count":1,"href":"https:\/\/encuentroinformativo.com.mx\/index.php?rest_route=\/wp\/v2\/posts\/39444\/revisions"}],"predecessor-version":[{"id":39448,"href":"https:\/\/encuentroinformativo.com.mx\/index.php?rest_route=\/wp\/v2\/posts\/39444\/revisions\/39448"}],"wp:featuredmedia":[{"embeddable":true,"href":"https:\/\/encuentroinformativo.com.mx\/index.php?rest_route=\/wp\/v2\/media\/39445"}],"wp:attachment":[{"href":"https:\/\/encuentroinformativo.com.mx\/index.php?rest_route=%2Fwp%2Fv2%2Fmedia&parent=39444"}],"wp:term":[{"taxonomy":"category","embeddable":true,"href":"https:\/\/encuentroinformativo.com.mx\/index.php?rest_route=%2Fwp%2Fv2%2Fcategories&post=39444"},{"taxonomy":"post_tag","embeddable":true,"href":"https:\/\/encuentroinformativo.com.mx\/index.php?rest_route=%2Fwp%2Fv2%2Ftags&post=39444"}],"curies":[{"name":"wp","href":"https:\/\/api.w.org\/{rel}","templated":true}]}}