{"id":39453,"date":"2023-04-19T14:17:35","date_gmt":"2023-04-19T20:17:35","guid":{"rendered":"https:\/\/encuentroinformativo.com.mx\/?p=39453"},"modified":"2023-04-19T14:17:39","modified_gmt":"2023-04-19T20:17:39","slug":"se-descarta-incremento-a-tarifas-del-transporte-cisneros","status":"publish","type":"post","link":"https:\/\/encuentroinformativo.com.mx\/?p=39453","title":{"rendered":"Se descarta incremento a tarifas del transporte: Cisneros"},"content":{"rendered":"\n<p><strong>Dar\u00edo Pale <\/strong><\/p>\n\n\n\n<p>Xalapa, Ver.- Ni gasolinas ni refacciones han subido, no habr\u00e1 incremento a tarifas de transporte, si el Uber entr\u00f3 a trabajar lo est\u00e1 haciendo en la ilegalidad, por lo que habr\u00e1 operativos, as\u00ed lo dio a conocer el secretario de gobierno Eric Cisneros Burgos.<\/p>\n\n\n\n<p>En entrevista defini\u00f3 que no habr\u00e1 incremento a las tarifas del transporte p\u00fablico como lo han solicitado los l\u00edderes de dicho sector, porque las materias primas como las gasolinas y el diesel, as\u00ed como las refacciones no han subido de precio, al contrario, han disminuido.<\/p>\n\n\n\n<p>&#8220;Que bueno que hacen una comparativa porque la gasolina y el diesel en este sexenio no han subido y no nos podemos ir con la inercia que tra\u00edan otros gobiernos&#8221;, se\u00f1al\u00f3.<\/p>\n\n\n\n<p>&#8220;En los gobiernos de de Fox, Calder\u00f3n, de Pe\u00f1a subieron de manera desmedida y no s\u00f3lo eso, sino las refacciones que muchas vienen de Estados Unidos, el d\u00f3lar se dispar\u00f3 enormemente, en este gobierno no, el d\u00f3lar se depreciado con respecto al peso&#8221;, agreg\u00f3.<\/p>\n\n\n\n<p>Sin embargo, hay que referir que diversos especialistas afirman que en 2020, el consumidor pag\u00f3 una mayor cantidad de impuestos por la gasolina regular, ante la ca\u00edda del precio del barril de petr\u00f3leo.<\/p>\n\n\n\n<p>El a\u00f1o pasado el Gobierno tuvo que dar subsidios para mantener el precio por debajo de la inflaci\u00f3n observada, de manera que, la gasolina regular s\u00ed ha aumentado entre un 16 y un 18%, tomando como punto de referencia el 2018 hasta el 2022.\u00a0<\/p>\n\n\n\n<p>Ese y otros datos fueron confirmados por parte de CEPAL, y en conjunto con los datos registrados por parte de la CRE, Profeco, y Secretar\u00eda de Energ\u00eda (Sener).<\/p>\n\n\n\n<p>&#8220;Entonces si las refacciones est\u00e1n m\u00e1s baratas que hace cuatro a\u00f1os y el combustible no ha subido, creo que todos debemos ser solidarios con la econom\u00eda y evitar que haya inflaci\u00f3n al interior del Pa\u00eds&#8221;, coment\u00f3.<\/p>\n\n\n\n<p>Admiti\u00f3 que le hicieron llegar el pliego petitorio para que se incrementen las tarifas, lo cual se est\u00e1 analizando, pero insisti\u00f3 en que los precios de los combustibles no han subido en cuatro a\u00f1os y cu\u00e1nto se ha &#8220;apreciado&#8221; el peso.<\/p>\n\n\n\n<p>&#8220;Si no suben la materia prima que es el combustible, creo que bien claro estar\u00eda que debemos ser solidarios con nuestros paisanos&#8221;, expuso.<\/p>\n\n\n\n<p>El funcionario asegur\u00f3 que el sector del transporte tiene el respaldo y la solidaridad de la administraci\u00f3n de Cuitl\u00e1huac Garc\u00eda Jim\u00e9nez.<br>Por otra parte, luego de la marcha e inconformidades de los taxistas de la zona centro que fueron detenidos en Jalcomulco para no protestar en Xalapa, dijo que ya habl\u00f3 con ellos y es que hab\u00eda algunas cosas que no ten\u00edan lo suficientemente claras.<\/p>\n\n\n\n<p>&#8220;Despu\u00e9s de la reuni\u00f3n se fueron bien precisos y claros, lo que pretendemos es que haya orden en los registros de todos los compa\u00f1eros que participan como taxistas&#8221;, asegur\u00f3.<\/p>\n\n\n\n<p>Cisneros Burgos presumi\u00f3 que en esta administraci\u00f3n hay un apoyo claro al sector del transporte p\u00fablico y es que, por ejemplo, el Ejecutivo no ha permitido la entrada de las plataformas como Uber o Indriver.<\/p>\n\n\n\n<p>Cuestionado en relaci\u00f3n a que desde este martes ya hab\u00edan entrado a trabajar, recalc\u00f3 que no lo est\u00e1n haciendo de manera legal.<\/p>\n\n\n\n<p>Finalmente expres\u00f3 y no descart\u00f3 que pueda haber operativos, &#8220;est\u00e1 prohibido y eso se les clarific\u00f3 a los compa\u00f1eros&#8230; no es legal (si es que ya entr\u00f3 en funciones), esa parte no tiene el aval del gobierno del Estado, por supuesto lo que no est\u00e9 dentro del \u00e1mbito de la ley, est\u00e1 fuera de la ley&#8221;, \u00a0<\/p>\n","protected":false},"excerpt":{"rendered":"<p>Dar\u00edo Pale Xalapa, Ver.- Ni gasolinas ni refacciones han subido, no habr\u00e1 incremento a tarifas de transporte, si el Uber entr\u00f3 a trabajar lo est\u00e1 haciendo en la ilegalidad, por lo que habr\u00e1 operativos, as\u00ed lo dio a conocer el secretario de gobierno Eric Cisneros Burgos. En entrevista defini\u00f3 que no habr\u00e1 incremento a las [&hellip;]<\/p>\n","protected":false},"author":2476,"featured_media":39454,"comment_status":"open","ping_status":"open","sticky":false,"template":"","format":"standard","meta":{"_jetpack_memberships_contains_paid_content":false,"footnotes":""},"categories":[2],"tags":[],"class_list":["post-39453","post","type-post","status-publish","format-standard","has-post-thumbnail","hentry","category-estado"],"jetpack_featured_media_url":"https:\/\/encuentroinformativo.com.mx\/wp-content\/uploads\/2023\/04\/Photo_1681935230017.jpg","jetpack_sharing_enabled":true,"jetpack_likes_enabled":true,"amp_enabled":true,"_links":{"self":[{"href":"https:\/\/encuentroinformativo.com.mx\/index.php?rest_route=\/wp\/v2\/posts\/39453","targetHints":{"allow":["GET"]}}],"collection":[{"href":"https:\/\/encuentroinformativo.com.mx\/index.php?rest_route=\/wp\/v2\/posts"}],"about":[{"href":"https:\/\/encuentroinformativo.com.mx\/index.php?rest_route=\/wp\/v2\/types\/post"}],"author":[{"embeddable":true,"href":"https:\/\/encuentroinformativo.com.mx\/index.php?rest_route=\/wp\/v2\/users\/2476"}],"replies":[{"embeddable":true,"href":"https:\/\/encuentroinformativo.com.mx\/index.php?rest_route=%2Fwp%2Fv2%2Fcomments&post=39453"}],"version-history":[{"count":1,"href":"https:\/\/encuentroinformativo.com.mx\/index.php?rest_route=\/wp\/v2\/posts\/39453\/revisions"}],"predecessor-version":[{"id":39455,"href":"https:\/\/encuentroinformativo.com.mx\/index.php?rest_route=\/wp\/v2\/posts\/39453\/revisions\/39455"}],"wp:featuredmedia":[{"embeddable":true,"href":"https:\/\/encuentroinformativo.com.mx\/index.php?rest_route=\/wp\/v2\/media\/39454"}],"wp:attachment":[{"href":"https:\/\/encuentroinformativo.com.mx\/index.php?rest_route=%2Fwp%2Fv2%2Fmedia&parent=39453"}],"wp:term":[{"taxonomy":"category","embeddable":true,"href":"https:\/\/encuentroinformativo.com.mx\/index.php?rest_route=%2Fwp%2Fv2%2Fcategories&post=39453"},{"taxonomy":"post_tag","embeddable":true,"href":"https:\/\/encuentroinformativo.com.mx\/index.php?rest_route=%2Fwp%2Fv2%2Ftags&post=39453"}],"curies":[{"name":"wp","href":"https:\/\/api.w.org\/{rel}","templated":true}]}}