{"id":39459,"date":"2023-04-19T15:20:15","date_gmt":"2023-04-19T21:20:15","guid":{"rendered":"https:\/\/encuentroinformativo.com.mx\/?p=39459"},"modified":"2023-04-19T15:20:18","modified_gmt":"2023-04-19T21:20:18","slug":"de-tintes-politiqueros-acusa-cuitlahuac-a-suprema-corte","status":"publish","type":"post","link":"https:\/\/encuentroinformativo.com.mx\/?p=39459","title":{"rendered":"De &#8216;tintes politiqueros, acusa Cuitl\u00e1huac a Suprema Corte"},"content":{"rendered":"\n<p>Xalapa, Ver.- El gobernador Cuitl\u00e1huac Garc\u00eda Jim\u00e9nez se pronunci\u00f3 en apoyo al Presidente Andr\u00e9s Manuel L\u00f3pez Obrador, ante las declaraciones que realiz\u00f3 contra los ministros de la Suprema Corte de Justicia de la Naci\u00f3n de declarar invalida la decisi\u00f3n de poner bajo tutela de la Secretar\u00eda de la Defensa Nacional a la Guardia Nacional.<\/p>\n\n\n\n<p>Por lo que el ejecutivo estatal  le llam\u00f3 &#8220;tintes politiqueros&#8221; que buscan afectar al pueblo en materia de seguridad.\u00a0<\/p>\n","protected":false},"excerpt":{"rendered":"<p>Xalapa, Ver.- El gobernador Cuitl\u00e1huac Garc\u00eda Jim\u00e9nez se pronunci\u00f3 en apoyo al Presidente Andr\u00e9s Manuel L\u00f3pez Obrador, ante las declaraciones que realiz\u00f3 contra los ministros de la Suprema Corte de Justicia de la Naci\u00f3n de declarar invalida la decisi\u00f3n de poner bajo tutela de la Secretar\u00eda de la Defensa Nacional a la Guardia Nacional. Por [&hellip;]<\/p>\n","protected":false},"author":2476,"featured_media":39460,"comment_status":"open","ping_status":"open","sticky":false,"template":"","format":"standard","meta":{"_jetpack_memberships_contains_paid_content":false,"footnotes":""},"categories":[2],"tags":[],"class_list":["post-39459","post","type-post","status-publish","format-standard","has-post-thumbnail","hentry","category-estado"],"jetpack_featured_media_url":"https:\/\/encuentroinformativo.com.mx\/wp-content\/uploads\/2023\/04\/Photo_1681939083021.jpg","jetpack_sharing_enabled":true,"jetpack_likes_enabled":true,"amp_enabled":true,"_links":{"self":[{"href":"https:\/\/encuentroinformativo.com.mx\/index.php?rest_route=\/wp\/v2\/posts\/39459","targetHints":{"allow":["GET"]}}],"collection":[{"href":"https:\/\/encuentroinformativo.com.mx\/index.php?rest_route=\/wp\/v2\/posts"}],"about":[{"href":"https:\/\/encuentroinformativo.com.mx\/index.php?rest_route=\/wp\/v2\/types\/post"}],"author":[{"embeddable":true,"href":"https:\/\/encuentroinformativo.com.mx\/index.php?rest_route=\/wp\/v2\/users\/2476"}],"replies":[{"embeddable":true,"href":"https:\/\/encuentroinformativo.com.mx\/index.php?rest_route=%2Fwp%2Fv2%2Fcomments&post=39459"}],"version-history":[{"count":1,"href":"https:\/\/encuentroinformativo.com.mx\/index.php?rest_route=\/wp\/v2\/posts\/39459\/revisions"}],"predecessor-version":[{"id":39461,"href":"https:\/\/encuentroinformativo.com.mx\/index.php?rest_route=\/wp\/v2\/posts\/39459\/revisions\/39461"}],"wp:featuredmedia":[{"embeddable":true,"href":"https:\/\/encuentroinformativo.com.mx\/index.php?rest_route=\/wp\/v2\/media\/39460"}],"wp:attachment":[{"href":"https:\/\/encuentroinformativo.com.mx\/index.php?rest_route=%2Fwp%2Fv2%2Fmedia&parent=39459"}],"wp:term":[{"taxonomy":"category","embeddable":true,"href":"https:\/\/encuentroinformativo.com.mx\/index.php?rest_route=%2Fwp%2Fv2%2Fcategories&post=39459"},{"taxonomy":"post_tag","embeddable":true,"href":"https:\/\/encuentroinformativo.com.mx\/index.php?rest_route=%2Fwp%2Fv2%2Ftags&post=39459"}],"curies":[{"name":"wp","href":"https:\/\/api.w.org\/{rel}","templated":true}]}}