{"id":39481,"date":"2023-04-20T11:11:00","date_gmt":"2023-04-20T17:11:00","guid":{"rendered":"https:\/\/encuentroinformativo.com.mx\/?p=39481"},"modified":"2023-04-19T21:57:07","modified_gmt":"2023-04-20T03:57:07","slug":"tecnificacion-del-campo-reto-de-caneros-german-corro","status":"publish","type":"post","link":"https:\/\/encuentroinformativo.com.mx\/?p=39481","title":{"rendered":"Tecnificaci\u00f3n del campo reto de ca\u00f1eros: German Corro"},"content":{"rendered":"\n<p>Veracruz, Ver.- Uno de los principales retos que se enfrenta en el gremio ca\u00f1ero es la tecnificaci\u00f3n y mecanizaci\u00f3n del campo para que los productores logren mayores rendimientos, as\u00ed lo consider\u00f3 German Corro Galo presidente de Ca\u00f1eros Produciendo por M\u00e9xico A.C (CPM).<\/p>\n\n\n\n<p>Entrevistado durante la sesi\u00f3n ordinaria de la organizaci\u00f3n, el dirigente de CPM explic\u00f3 que uno de los principales problemas a los que se enfrenta el sector ca\u00f1ero es la falta de fertilizantes, as\u00ed como la tecnificaci\u00f3n del campo, y es que la pandemia generada por COVID gener\u00f3 atrasos en estos rubros.<\/p>\n\n\n\n<p>Cuestionado sobre los retos que enfrenta el campo en estos momentos precis\u00f3: \u201cEs un reto muy ambicioso, de transformaci\u00f3n, los tiempos que nos aquejan actualmente del cambio clim\u00e1tico, el problema de la sequ\u00eda, el estr\u00e9s h\u00eddrico en ca\u00f1a, los problemas de la migraci\u00f3n de la gente del campo a las ciudades, el problema de la pandemia que nos dej\u00f3 un tema muy dif\u00edcil\u201d.<\/p>\n\n\n\n<p>El problema m\u00e1s serio en el campo ca\u00f1ero es la falta de fertilizantes -abund\u00f3- &nbsp;la falta de an\u00e1lisis de suelo para saber que suelo tenemos, yo creo que el reto es de tecnificaci\u00f3n del campo y de mecanizaci\u00f3n del mismo, o sea, lo que ocupamos ahorita por la migraci\u00f3n de gente, tenemos que mecanizar el campo y redise\u00f1ar el campo y eso lo podemos hacer solamente con la tecnificaci\u00f3n, los adelantos cient\u00edficos y t\u00e9cnicos que hay para el mejoramiento de suelos y de fertilizaci\u00f3n h\u00edbrida utilizando todo lo agroecol\u00f3gico que tenemos disponible para volver a nutrir el suelo.<\/p>\n\n\n\n<p>Corro Galo aprovech\u00f3 para exhortar a la poblaci\u00f3n en general a cuidar el uso del agua, y es que se\u00f1al\u00f3 la escasez del vital l\u00edquido es un problema que ya se vive a nivel mundial y del cual M\u00e9xico no es la excepci\u00f3n, repercutiendo tambi\u00e9n en los campos ca\u00f1eros y por ello es necesario apostarle a la sustentabilidad.<\/p>\n\n\n\n<p>\u201cLa sustentabilidad del manejo del agua para que hagamos del campo ca\u00f1ero, un campo m\u00e1s redituable con una producci\u00f3n vertical en una superficie menor, pero mejorando el suelo, mejorando variedades y aplicando el buen manejo del agua con la tecnificaci\u00f3n actual que existe.<\/p>\n\n\n\n<p>Creo que es un reto ambicioso pero que s\u00ed lo podemos cumplir porque conocemos del tema\u201d.<\/p>\n\n\n\n<p>Finalmente, el l\u00edder de la asociaci\u00f3n dio a conocer que durante la sesi\u00f3n se renov\u00f3 el Consejo Directivo de Ca\u00f1eros Produciendo por M\u00e9xico, quedando conformado por: Ing. German Corro Galo, Presidente; Ing. Refugio Polanco Sojo, Secretario e Ing. Luis Castro Flores, Tesorero.<\/p>\n\n\n\n<figure class=\"wp-block-image size-large\"><img loading=\"lazy\" decoding=\"async\" width=\"748\" height=\"653\" src=\"https:\/\/encuentroinformativo.com.mx\/wp-content\/uploads\/2023\/04\/thumb_DSCN2068_1024.jpg\" alt=\"\" class=\"wp-image-39483\" srcset=\"https:\/\/encuentroinformativo.com.mx\/wp-content\/uploads\/2023\/04\/thumb_DSCN2068_1024.jpg 748w, https:\/\/encuentroinformativo.com.mx\/wp-content\/uploads\/2023\/04\/thumb_DSCN2068_1024-300x262.jpg 300w\" sizes=\"auto, (max-width: 748px) 100vw, 748px\" \/><\/figure>\n\n\n\n<figure class=\"wp-block-image size-large\"><img loading=\"lazy\" decoding=\"async\" width=\"1024\" height=\"612\" src=\"https:\/\/encuentroinformativo.com.mx\/wp-content\/uploads\/2023\/04\/thumb_DSCN1899_1024.jpg\" alt=\"\" class=\"wp-image-39484\" srcset=\"https:\/\/encuentroinformativo.com.mx\/wp-content\/uploads\/2023\/04\/thumb_DSCN1899_1024.jpg 1024w, https:\/\/encuentroinformativo.com.mx\/wp-content\/uploads\/2023\/04\/thumb_DSCN1899_1024-300x179.jpg 300w, https:\/\/encuentroinformativo.com.mx\/wp-content\/uploads\/2023\/04\/thumb_DSCN1899_1024-768x459.jpg 768w\" sizes=\"auto, (max-width: 1024px) 100vw, 1024px\" \/><\/figure>\n\n\n\n<p><\/p>\n","protected":false},"excerpt":{"rendered":"<p>Veracruz, Ver.- Uno de los principales retos que se enfrenta en el gremio ca\u00f1ero es la tecnificaci\u00f3n y mecanizaci\u00f3n del campo para que los productores logren mayores rendimientos, as\u00ed lo consider\u00f3 German Corro Galo presidente de Ca\u00f1eros Produciendo por M\u00e9xico A.C (CPM). Entrevistado durante la sesi\u00f3n ordinaria de la organizaci\u00f3n, el dirigente de CPM explic\u00f3 [&hellip;]<\/p>\n","protected":false},"author":2476,"featured_media":39482,"comment_status":"open","ping_status":"open","sticky":false,"template":"","format":"standard","meta":{"_jetpack_memberships_contains_paid_content":false,"footnotes":""},"categories":[2],"tags":[],"class_list":["post-39481","post","type-post","status-publish","format-standard","has-post-thumbnail","hentry","category-estado"],"jetpack_featured_media_url":"https:\/\/encuentroinformativo.com.mx\/wp-content\/uploads\/2023\/04\/thumb_DSCN1932_1024.jpg","jetpack_sharing_enabled":true,"jetpack_likes_enabled":true,"amp_enabled":true,"_links":{"self":[{"href":"https:\/\/encuentroinformativo.com.mx\/index.php?rest_route=\/wp\/v2\/posts\/39481","targetHints":{"allow":["GET"]}}],"collection":[{"href":"https:\/\/encuentroinformativo.com.mx\/index.php?rest_route=\/wp\/v2\/posts"}],"about":[{"href":"https:\/\/encuentroinformativo.com.mx\/index.php?rest_route=\/wp\/v2\/types\/post"}],"author":[{"embeddable":true,"href":"https:\/\/encuentroinformativo.com.mx\/index.php?rest_route=\/wp\/v2\/users\/2476"}],"replies":[{"embeddable":true,"href":"https:\/\/encuentroinformativo.com.mx\/index.php?rest_route=%2Fwp%2Fv2%2Fcomments&post=39481"}],"version-history":[{"count":1,"href":"https:\/\/encuentroinformativo.com.mx\/index.php?rest_route=\/wp\/v2\/posts\/39481\/revisions"}],"predecessor-version":[{"id":39485,"href":"https:\/\/encuentroinformativo.com.mx\/index.php?rest_route=\/wp\/v2\/posts\/39481\/revisions\/39485"}],"wp:featuredmedia":[{"embeddable":true,"href":"https:\/\/encuentroinformativo.com.mx\/index.php?rest_route=\/wp\/v2\/media\/39482"}],"wp:attachment":[{"href":"https:\/\/encuentroinformativo.com.mx\/index.php?rest_route=%2Fwp%2Fv2%2Fmedia&parent=39481"}],"wp:term":[{"taxonomy":"category","embeddable":true,"href":"https:\/\/encuentroinformativo.com.mx\/index.php?rest_route=%2Fwp%2Fv2%2Fcategories&post=39481"},{"taxonomy":"post_tag","embeddable":true,"href":"https:\/\/encuentroinformativo.com.mx\/index.php?rest_route=%2Fwp%2Fv2%2Ftags&post=39481"}],"curies":[{"name":"wp","href":"https:\/\/api.w.org\/{rel}","templated":true}]}}