{"id":39488,"date":"2023-04-20T09:51:25","date_gmt":"2023-04-20T15:51:25","guid":{"rendered":"https:\/\/encuentroinformativo.com.mx\/?p=39488"},"modified":"2023-04-20T09:51:30","modified_gmt":"2023-04-20T15:51:30","slug":"el-viejo-recelo-entre-guachos-y-popeyes","status":"publish","type":"post","link":"https:\/\/encuentroinformativo.com.mx\/?p=39488","title":{"rendered":"EL VIEJO RECELO ENTRE G\u00dcACHOS Y POPEYES"},"content":{"rendered":"\n<p><strong>ColumnaSinNombre<br>@pablojair<\/strong><\/p>\n\n\n\n<ul class=\"wp-block-list\"><li>T\u00edo Dante se descarta a la gubernatura\u2026 que no ganaba\u2026<\/li><li>\u00bfQue el PAN estatal va a suspender conferencias de prensa?<\/li><li>Cabecita de algod\u00f3n en Veracruz.<\/li><\/ul>\n\n\n\n<p>Happy birthday, beloved Tinkerbell. Love you, so much.<br>&#8211;Chopenjawer practicando ingl\u00e9s.<\/p>\n\n\n\n<p>Desde que uno tiene memoria en este oficio, se sabe que existen diferencias \u2014y hasta tantito recelo, creo yo\u2014 entre la Secretar\u00eda de la Defensa Nacional (Sedena) y la Secretar\u00eda de Marina (Semar).<\/p>\n\n\n\n<p>No han sido pocas las ocasiones o an\u00e9cdotas donde me ha tocado escuchar que un soldado habla mal de un marino y viceversa. Es como una rivalidad natural entre ambas instituciones. Un bullying propio de la formaci\u00f3n castrense bien castrosa.<\/p>\n\n\n\n<p>Una an\u00e9cdota que platicaba el maestro V\u00e1zquez Chagoya (abrazo hasta el cielo, patr\u00f3n) es que alguna vez le toc\u00f3 viajar en helic\u00f3ptero con un alto mando de Seguridad P\u00fablica que era militar \u2014eran tiempos de Guti\u00e9rrez Barrios, si no mal recuerdo\u2014 y que cuando se report\u00f3 que ten\u00edan que aterrizar de inmediato por una situaci\u00f3n, pidieron permiso a una base de la Marina, pero \u00e9ste se los neg\u00f3. S\u00f3lo porque el mando era militar.<\/p>\n\n\n\n<p>En los \u00faltimos a\u00f1os, amigos que trabajaron en la entonces Procuradur\u00eda General de la Rep\u00fablica (PGR) me platicaban que hab\u00edan unidades operativas contra el narco donde participaron agentes del gobierno de Estados Unidos (sepa usted de qu\u00e9 agencia, pero m\u00ednimo estaba la DEA) y estos ped\u00edan trabajar solamente con miembros \u00e9lite de la Marina, pues ten\u00edan desconfianza del Ej\u00e9rcito Mexicano.<\/p>\n\n\n\n<p>De hecho, en reiteradas versiones period\u00edsticas, ha salido a relucir que la Marina es la instituci\u00f3n m\u00e1s confiable para los gabachos.<\/p>\n\n\n\n<p>Lo anterior viene a colaci\u00f3n porque ahora resulta que se ha descubierto el hilo negro de algo que ya se sabe desde hace mucho: que la Sedena y la Semar tienen diferencias y de vez en cuando se pintan caracolitos.<\/p>\n\n\n\n<p>El tema fue abordado por el presidente Andr\u00e9s Manuel L\u00f3pez Obrador en su conferencia ma\u00f1anera de este mi\u00e9rcoles y calific\u00f3 como \u201cnormal\u201d lo que se quiso extrapolar como un grave problema al interior del gabinete.<\/p>\n\n\n\n<p>\u201c\u00bfCu\u00e1l es la nota filtrada del Pent\u00e1gono al Washington Post? Que se est\u00e1n peleando la Semar con la Sedena, \u00bfy qu\u00e9 ellos (en Estados Unidos) no se pelean all\u00e1? \u00bfCu\u00e1l es la nota?\u2026\u201c\u00bfQuieren m\u00e1s informaci\u00f3n? Hacienda se pelea con la CFE, todos los d\u00edas, Pemex con Hacienda, cada quien tiene su criterio; Econom\u00eda con Hacienda, eso es lo m\u00e1s normal\u201d, indic\u00f3.<\/p>\n\n\n\n<p>En medio de toda esta \u201cdescubrimiento\u201d de rivalidad, se cuentan los recientes embates medi\u00e1ticos que ha tenido, principalmente, la Sedena: desde la detenci\u00f3n del ex secretario Salvador Cienfuegos, pasando por las construcciones de obras magnas en la Cuarta Transformaci\u00f3n, hasta la filtraci\u00f3n de los viajes del actual titular, el general Sandoval. Son pocos los se\u00f1alamientos contra la Marina o al menos no son tan constantes y comunes en medios.<\/p>\n\n\n\n<p>Pero hay que decirlo: finalmente todo es medi\u00e1tico y la 4T me supongo que tiene eso ya bien medido como parte de la agenda p\u00fablica y los ataques de los adversarios pol\u00edticos. Grave ser\u00eda si una de estas filtraciones fuesen sobre un delito serio, como cuando en los tiempos del priato se descubri\u00f3 que el zar antidrogas, el famoso general Guti\u00e9rrez Rebollo, era quien proteg\u00eda al narco m\u00e1s poderoso de esa \u00e9poca: \u201cEl Se\u00f1or de los Cielos\u201d.<\/p>\n\n\n\n<p>Pero m\u00e1s all\u00e1 de \u201csentimentalismos\u201d de odio u amor entre soldados y marinos, creo que no se debe olvidar algo primordial: tanto la Marina como el Ej\u00e9rcito son institucionales; han demostrado respeto y obediencia al comandante en jefe en los tiempos modernos de la pol\u00edtica.<\/p>\n\n\n\n<p>Esto se comenta porque recuerdo que hubo quienes llegaron a decir que las fuerzas armadas podr\u00edan reaccionar negativamente porque L\u00f3pez Obrador hab\u00eda ganado la Presidencia, pero les fall\u00f3 el pron\u00f3stico.<\/p>\n\n\n\n<p>Curiosamente, todav\u00eda hay voces por ah\u00ed perdidas (de la oposici\u00f3n m\u00e1s idiota y radical) que han intentado sugerir a las fuerzas armadas que se rebelen y se haga algo as\u00ed como un golpe de estado, pero eso \u2014la neta, padre\u2014 es como que una chaqueta mental muy c\u00f3smica.<\/p>\n\n\n\n<p>Son de esas mismas voces que se ven compartiendo videos de agresiones a soldados o marinos por parte de \u201cciudadanos\u201d que regularmente son usados como carne de ca\u00f1\u00f3n por el crimen organizado, como tratando de \u201cdemostrar\u201d que el actual gobierno ha logrado que se le pierda el respeto a miembros de las fuerzas armadas y que en cualquier momento \u00e9stos se van a levantar en armas porque ya est\u00e1n \u201ccansados\u201d de ser sobajados\u2026 como si los marinos y soldados no estuvieran entrenados para aguantar eso y m\u00e1s.<\/p>\n\n\n\n<p>De esta manera, todo queda en la misma cantaleta medi\u00e1tica y estas diferencias entre Semar y Sedena dif\u00edcilmente \u2014seg\u00fan lo dicho por AMLO sobre la normalidad en la discrepancia de criterios\u2014 se convertir\u00edan en un problema pol\u00edtico relevante dentro del gobierno federal.<\/p>\n\n\n\n<p>Basta recordar que se les llama efectivos porque, m\u00e1s all\u00e1 de las filias y fobias pol\u00edticas, acatan \u00f3rdenes que no pueden descartar o ignorar.<\/p>\n\n\n\n<p>As\u00ed que, durante a\u00f1os \u2014creo\u2014ha existido esa competencia entre Sedena y Semar que no pasa m\u00e1s all\u00e1 de mirarse feo, porque tienen sus claras instrucciones, entrenamiento y misiones.<\/p>\n\n\n\n<p>Como dice el himno: \u201cUn soldado en cada hijo te dio\u201d\u2026<\/p>\n\n\n\n<p>Y lo mejor es eso: que Francisco Gonz\u00e1lez Bocanegra no le puso \u201cy un marino tambi\u00e9n\u201d.<\/p>\n\n\n\n<p><strong>NOTA PARA PEGAR EN EL REFRI: <\/strong>Est\u00e1bamos con el pendiente y no pod\u00edamos dormir\u2026 Resulta que el T\u00edo Dante finalmente se descart\u00f3 como candidato a la gubernatura de Veracruz y de paso volvi\u00f3 a reiterar que el PRIANRD est\u00e1 bien pelado como su choya\u2026 Tampoco es que T\u00edo Dante tenga oportunidades de figurar como un candidato de peso, pues en las encuestas que se han le\u00eddo apenas y figura como personaje relevante (y eso que seg\u00fan tiene muchos admiradores en la entidad) para ser tomado en serio para 2024\u2026 Dicen que ac\u00e1 en Xalapa s\u00ed hubo quienes sintieron feo el leer tal declaraci\u00f3n del alvarade\u00f1o-cordob\u00e9s, pues ya lo daban como seguro abanderado de su partido naranja a la primera magistratura del estado y era algo as\u00ed como la esperanza para regresar a los viejos tiempos de la bonanza para la vieja clase pol\u00edtica que se niega a retirarse\u2026 Ayer me preguntaban a qui\u00e9n llevar\u00eda entonces el partido de T\u00edo Dante, y seg\u00fan lo que veo, con una publicidad medio subliminal, andan como que promoviendo al dirigente estatal Sergio Gil Rull\u00e1n en espectaculares\u2026 Hay otras versiones de que llegar\u00eda un conocido pri\u00edsta al que no le importa perder, sino ver cu\u00e1nto se puede quedar con el dinero de la campa\u00f1a\u2026 \u00bfQui\u00e9n ser\u00e1, tu?<\/p>\n\n\n\n<p><strong>OTRA NOTA: <\/strong>Ayer trascendi\u00f3 una preocupaci\u00f3n entre varios periodistas que ya de por s\u00ed est\u00e1n viendo que, desde la pandemia, se ha reducido la chamba en el centro de Xalapa\u2026 Resulta que desde el Comit\u00e9 Estatal del PAN est\u00e1n evaluando suspender &#8211;o ya de plano cancelar&#8211; las conferencias de prensa semanales, porque no ven que tengan eco sus declaraciones ni posicionamientos; que nom\u00e1s la estrategia de atacar por atacar no est\u00e1 resultando como quer\u00edan y pues mejor van a buscar otra manera\u2026 Otros cuentan que la austeridad podr\u00eda ser uno de los motivos, pues dicen los asistentes que poco a poco se vio c\u00f3mo fue reduci\u00e9ndose el caf\u00e9 gratis, las ag\u00fcitas, la fruta, el pancito, las galletas\u2026 Dicen que en una de esas, les iban a dar puro pepino\u2026 en tiritas.<\/p>\n\n\n\n<p><strong>LA \u00daLTIMA PORQUE VA A VENIR CABECITA DE ALGOD\u00d3N: <\/strong>Que el &#8220;preciso&#8221; dar\u00e1 su conferencia ma\u00f1anera en Veracruz este viernes, a donde tambi\u00e9n acudir\u00e1 al 109 aniversario de la Defensa Patri\u00f3tica del Puerto de Veracruz, cuya ceremonia solemne ser\u00e1 en el Faro Carranza\u2026 Los jarochos, en los \u00faltimos d\u00edas, han sido testigos de ensayos con aeronaves de la Marina, as\u00ed que se espera todo un evento espectacular.<\/p>\n","protected":false},"excerpt":{"rendered":"<p>ColumnaSinNombre@pablojair T\u00edo Dante se descarta a la gubernatura\u2026 que no ganaba\u2026 \u00bfQue el PAN estatal va a suspender conferencias de prensa? Cabecita de algod\u00f3n en Veracruz. Happy birthday, beloved Tinkerbell. Love you, so much.&#8211;Chopenjawer practicando ingl\u00e9s. Desde que uno tiene memoria en este oficio, se sabe que existen diferencias \u2014y hasta tantito recelo, creo yo\u2014 [&hellip;]<\/p>\n","protected":false},"author":2476,"featured_media":488,"comment_status":"open","ping_status":"open","sticky":false,"template":"","format":"standard","meta":{"_jetpack_memberships_contains_paid_content":false,"footnotes":""},"categories":[11],"tags":[],"class_list":["post-39488","post","type-post","status-publish","format-standard","has-post-thumbnail","hentry","category-opinion"],"jetpack_featured_media_url":"https:\/\/encuentroinformativo.com.mx\/wp-content\/uploads\/2020\/03\/F471F608-BA1A-416B-BA7B-BCFB24F4E6D0.jpeg","jetpack_sharing_enabled":true,"jetpack_likes_enabled":true,"amp_enabled":true,"_links":{"self":[{"href":"https:\/\/encuentroinformativo.com.mx\/index.php?rest_route=\/wp\/v2\/posts\/39488","targetHints":{"allow":["GET"]}}],"collection":[{"href":"https:\/\/encuentroinformativo.com.mx\/index.php?rest_route=\/wp\/v2\/posts"}],"about":[{"href":"https:\/\/encuentroinformativo.com.mx\/index.php?rest_route=\/wp\/v2\/types\/post"}],"author":[{"embeddable":true,"href":"https:\/\/encuentroinformativo.com.mx\/index.php?rest_route=\/wp\/v2\/users\/2476"}],"replies":[{"embeddable":true,"href":"https:\/\/encuentroinformativo.com.mx\/index.php?rest_route=%2Fwp%2Fv2%2Fcomments&post=39488"}],"version-history":[{"count":1,"href":"https:\/\/encuentroinformativo.com.mx\/index.php?rest_route=\/wp\/v2\/posts\/39488\/revisions"}],"predecessor-version":[{"id":39489,"href":"https:\/\/encuentroinformativo.com.mx\/index.php?rest_route=\/wp\/v2\/posts\/39488\/revisions\/39489"}],"wp:featuredmedia":[{"embeddable":true,"href":"https:\/\/encuentroinformativo.com.mx\/index.php?rest_route=\/wp\/v2\/media\/488"}],"wp:attachment":[{"href":"https:\/\/encuentroinformativo.com.mx\/index.php?rest_route=%2Fwp%2Fv2%2Fmedia&parent=39488"}],"wp:term":[{"taxonomy":"category","embeddable":true,"href":"https:\/\/encuentroinformativo.com.mx\/index.php?rest_route=%2Fwp%2Fv2%2Fcategories&post=39488"},{"taxonomy":"post_tag","embeddable":true,"href":"https:\/\/encuentroinformativo.com.mx\/index.php?rest_route=%2Fwp%2Fv2%2Ftags&post=39488"}],"curies":[{"name":"wp","href":"https:\/\/api.w.org\/{rel}","templated":true}]}}