{"id":39490,"date":"2023-04-20T09:56:58","date_gmt":"2023-04-20T15:56:58","guid":{"rendered":"https:\/\/encuentroinformativo.com.mx\/?p=39490"},"modified":"2023-04-20T09:57:02","modified_gmt":"2023-04-20T15:57:02","slug":"cabeza-de-buey","status":"publish","type":"post","link":"https:\/\/encuentroinformativo.com.mx\/?p=39490","title":{"rendered":"Cabeza de buey"},"content":{"rendered":"\n<p><strong>Los Pol\u00edticos<\/strong><\/p>\n\n\n\n<p><strong>Salvador Mu\u00f1oz<\/strong><\/p>\n\n\n\n<p>Hay una imagen que recuerdo de Pajarito volando a los tendidos y por otro lado, la cara de terror de Jos\u00e9 Ram\u00f3n Fern\u00e1ndez, el comentarista deportivo, asiduo visitante de la Plaza M\u00e9xico\u2026 El toro al final fue sacrificado pero su popularidad trascendi\u00f3 no s\u00f3lo las fronteras, sino tambi\u00e9n el tiempo, pues a 17 a\u00f1os de su haza\u00f1a, de volar del ruedo a los tendidos, se le sigue recordando.<\/p>\n\n\n\n<p>En mi infancia me gustaba ver la historia de Ferdinand, toro de lidia que gustaba oler las flores antes que confrontar su ornamenta con las de sus dem\u00e1s compa\u00f1eros de corral. Por supuesto, no era m\u00e1s que una mentira piadosa para los ni\u00f1os porque la realidad de las tardes del domingo contrastaba con ese cuento, que si no mal recuerdo, hace poco se llev\u00f3 al cine.<\/p>\n\n\n\n<p>Otra historia rom\u00e1ntica de un Miura, fue la de Campanero\u2026 s\u00ed, de seguro m\u00e1s de una vez ha cantado el romance de ese toro enamorado de la luna.<\/p>\n\n\n\n<p>Por all\u00ed est\u00e1 otra historia de un Campanero m\u00e1s, que no s\u00e9 si se refieran al mismo\u2026 Al momento del parto, en una noche de lluvia, Capricornia, la madre de este becerro muere. El caporal toma al ternero y platica al due\u00f1o que Capricornia muri\u00f3. El patr\u00f3n entonces le cede el becerro a su caporal y \u00e9ste le pone por nombre Campanero\u2026 \u00bfrecuerdan el verso de la canci\u00f3n? \u201cY le puso Campanero el mayoral\u201d.<\/p>\n\n\n\n<p>Hay toros que han inscrito su nombre en la historia con sangre\u2026 Son muchos, pero sin duda es Islero el que es m\u00e1s conocido por haber cogido mortalmente a Manolete.<\/p>\n\n\n\n<p>(Hace a\u00f1os vi en la tele a un torero, de cuyo nombre no me acuerdo, que tras haber sido embestido, mientras era llevado a la enfermer\u00eda, daba instrucciones a las personas que lo atend\u00edan para que contuvieran la hemorragia o agarraran la femoral)<\/p>\n\n\n\n<p>Aunque si de toros se trata, me quedo con Asteri\u00f3n. Una y otra y otra vez lo puedo leer con el mismo gusto que cuando lo tuve en mis manos la primera ocasi\u00f3n.<\/p>\n\n\n\n<p>Precisamente hace m\u00e1s de una semana, le\u00eda por el mero placer de revivirlo, \u201cLa Casa de Asteri\u00f3n\u201d, uno de los m\u00e1s bellos cuentos de Jorge Luis Borges.<\/p>\n\n\n\n<p>Asteri\u00f3n es hijo de la reina Pas\u00edfae\u2026 y de un toro blanco, que seg\u00fan la mitolog\u00eda, fue un regalo al Rey Minos de Creta para que lo sacrificara en honor al Dios de los Mares, pero embelesado por la belleza del Toro, no lo hizo\u2026 y la reina tambi\u00e9n se enamor\u00f3 del toro\u2026 han de imaginar entonces c\u00f3mo es que surge Asteri\u00f3n, el minotauro\u2026 \u00a1y los cornudos!<\/p>\n\n\n\n<p>En el cuento de Borges, Asteri\u00f3n vive en un laberinto, donde peri\u00f3dicamente son sacrificados hombres y mujeres en su honor (a manera de contenerlo en ese lugar).<\/p>\n\n\n\n<p>Lo curioso es que Asteri\u00f3n no ve como tal, como un laberinto, su casa, para \u00e9l es un palacio\u2026<br>Bueno, todos estos cuentos \u201ccornamentados\u201d que ac\u00e1 les platico, los origina el secretario de la Negritud, Eric Cisneros Burgos, quien en un af\u00e1n de no dar lugar a otro meme, otro chiste, otra burla, m\u00e1s que las que \u00e9l mismo se genera, aparece en su oficina, sentado en su escritorio, con una cabeza de buey sobre sus hombros.<\/p>\n\n\n\n<p>Preciso: me refiero con \u201ccabeza de buey\u201d a una artesan\u00eda que \u00e9l usa a manera de m\u00e1scara.<\/p>\n\n\n\n<p>\u00bfQu\u00e9 hace este funcionario? Habr\u00e1 quienes vean en esa imagen un mensaje o quiz\u00e1s hasta un ritual, ya que por all\u00ed dicen que la Cabeza del Buey es parte de las tradiciones en D\u00eda de Muertos en El Higo, aunque habr\u00eda que ver cu\u00e1ntos rituales hay en torno a las cabezas de toro o de bueyes, en aras de perpetrarse en el poder\u2026<\/p>\n\n\n\n<p>Hay quienes dicen que es la versi\u00f3n oscura del \u201c\u00a1Vamos con Tokio!\u201d por el \u201c\u00a1Vamos con Toro!\u201d<br>Perm\u00edtanme dar un dato extra a esta serie de relatos: el caballo de Alejandro Magno era Buc\u00e9falo porque cuenta la leyenda que el corcel era tan enorme que ten\u00eda una cabeza de buey, que es lo que significa su nombre.<\/p>\n\n\n\n<p>Bueno, pues sin querer, al ponerse esa artesan\u00eda en hombros, el secretario de la Negritud hace una descripci\u00f3n gr\u00e1fica de lo que ha hecho a lo largo de este sexenio por Veracruz, lo que hace en su oficina, lo que hace en su trabajo\u2026 \u00a1nom\u00e1s se hace buey!<\/p>\n","protected":false},"excerpt":{"rendered":"<p>Los Pol\u00edticos Salvador Mu\u00f1oz Hay una imagen que recuerdo de Pajarito volando a los tendidos y por otro lado, la cara de terror de Jos\u00e9 Ram\u00f3n Fern\u00e1ndez, el comentarista deportivo, asiduo visitante de la Plaza M\u00e9xico\u2026 El toro al final fue sacrificado pero su popularidad trascendi\u00f3 no s\u00f3lo las fronteras, sino tambi\u00e9n el tiempo, pues [&hellip;]<\/p>\n","protected":false},"author":2476,"featured_media":387,"comment_status":"open","ping_status":"open","sticky":false,"template":"","format":"standard","meta":{"_jetpack_memberships_contains_paid_content":false,"footnotes":""},"categories":[11],"tags":[],"class_list":["post-39490","post","type-post","status-publish","format-standard","has-post-thumbnail","hentry","category-opinion"],"jetpack_featured_media_url":"https:\/\/encuentroinformativo.com.mx\/wp-content\/uploads\/2020\/03\/7CF8A22B-2764-47BE-8F7F-38FE9E5D6A2F.jpeg","jetpack_sharing_enabled":true,"jetpack_likes_enabled":true,"amp_enabled":true,"_links":{"self":[{"href":"https:\/\/encuentroinformativo.com.mx\/index.php?rest_route=\/wp\/v2\/posts\/39490","targetHints":{"allow":["GET"]}}],"collection":[{"href":"https:\/\/encuentroinformativo.com.mx\/index.php?rest_route=\/wp\/v2\/posts"}],"about":[{"href":"https:\/\/encuentroinformativo.com.mx\/index.php?rest_route=\/wp\/v2\/types\/post"}],"author":[{"embeddable":true,"href":"https:\/\/encuentroinformativo.com.mx\/index.php?rest_route=\/wp\/v2\/users\/2476"}],"replies":[{"embeddable":true,"href":"https:\/\/encuentroinformativo.com.mx\/index.php?rest_route=%2Fwp%2Fv2%2Fcomments&post=39490"}],"version-history":[{"count":1,"href":"https:\/\/encuentroinformativo.com.mx\/index.php?rest_route=\/wp\/v2\/posts\/39490\/revisions"}],"predecessor-version":[{"id":39491,"href":"https:\/\/encuentroinformativo.com.mx\/index.php?rest_route=\/wp\/v2\/posts\/39490\/revisions\/39491"}],"wp:featuredmedia":[{"embeddable":true,"href":"https:\/\/encuentroinformativo.com.mx\/index.php?rest_route=\/wp\/v2\/media\/387"}],"wp:attachment":[{"href":"https:\/\/encuentroinformativo.com.mx\/index.php?rest_route=%2Fwp%2Fv2%2Fmedia&parent=39490"}],"wp:term":[{"taxonomy":"category","embeddable":true,"href":"https:\/\/encuentroinformativo.com.mx\/index.php?rest_route=%2Fwp%2Fv2%2Fcategories&post=39490"},{"taxonomy":"post_tag","embeddable":true,"href":"https:\/\/encuentroinformativo.com.mx\/index.php?rest_route=%2Fwp%2Fv2%2Ftags&post=39490"}],"curies":[{"name":"wp","href":"https:\/\/api.w.org\/{rel}","templated":true}]}}