{"id":39498,"date":"2023-04-20T12:23:19","date_gmt":"2023-04-20T18:23:19","guid":{"rendered":"https:\/\/encuentroinformativo.com.mx\/?p=39498"},"modified":"2023-04-20T12:23:23","modified_gmt":"2023-04-20T18:23:23","slug":"realizaran-encuentro-de-poesia-en-xalapa","status":"publish","type":"post","link":"https:\/\/encuentroinformativo.com.mx\/?p=39498","title":{"rendered":"Realizar\u00e1n Encuentro de Poes\u00eda en Xalapa"},"content":{"rendered":"\n<p><strong>Israel Garc\u00eda <\/strong><\/p>\n\n\n\n<p>Xalapa, Ver.- Este jueves 20 de abril en el teatro J.J.Herrera, la direcci\u00f3n municipal de Cultura que preside Karla Montano, dieron a conocer el programa &#8220;Encuentro de Poes\u00eda&#8221; que se realizar\u00e1 en la capital Xalapa los d\u00edas 27 y 29 del presente mes.<\/p>\n\n\n\n<p>Contar\u00e1n con la presencia de personalidades de la direcci\u00f3n de cultura del municipio de Xalapa y los organizadores del encuentro, Mayco Osorio Ruiz, Yuliana Rivera, Jos\u00e9 Luis Rivas y \u00c1ngel Jos\u00e9 Fern\u00e1ndez.<\/p>\n\n\n\n<p>Ante lo cual hicieron una cordial invitaci\u00f3n a todas las familias para que asistan al evento de poes\u00eda,  en el teatro J J Herrera, la Galer\u00eda de Arte Contempor\u00e1neo, es\u00a0 totalmente gratis, recuerden leer un libro nos ayuda mucho, la poes\u00eda esta muy olvidada.<\/p>\n\n\n\n<p>&#8220;Se debe de romper para aquellos que dicen que la poes\u00eda es aburrida, o solamente es selectiva<br>los aburridos ser\u00edan los que no quieren leer, hay que demostrar la disposici\u00f3n que el di\u00e1logo se vuelva m\u00e1s org\u00e1nico&#8221;.<\/p>\n\n\n\n<p>Finalmente mencion\u00f3 que tendr\u00e1n una presentaci\u00f3n de poetas de voces representativas mexicanas en este momento, Maestro Rivas, Martha Flores y Renato Tinajero, entre otros.<\/p>\n","protected":false},"excerpt":{"rendered":"<p>Israel Garc\u00eda Xalapa, Ver.- Este jueves 20 de abril en el teatro J.J.Herrera, la direcci\u00f3n municipal de Cultura que preside Karla Montano, dieron a conocer el programa &#8220;Encuentro de Poes\u00eda&#8221; que se realizar\u00e1 en la capital Xalapa los d\u00edas 27 y 29 del presente mes. Contar\u00e1n con la presencia de personalidades de la direcci\u00f3n de [&hellip;]<\/p>\n","protected":false},"author":2476,"featured_media":39499,"comment_status":"open","ping_status":"open","sticky":false,"template":"","format":"standard","meta":{"_jetpack_memberships_contains_paid_content":false,"footnotes":""},"categories":[3],"tags":[],"class_list":["post-39498","post","type-post","status-publish","format-standard","has-post-thumbnail","hentry","category-xalapa"],"jetpack_featured_media_url":"https:\/\/encuentroinformativo.com.mx\/wp-content\/uploads\/2023\/04\/IMG-20230420-WA0018.jpg","jetpack_sharing_enabled":true,"jetpack_likes_enabled":true,"amp_enabled":true,"_links":{"self":[{"href":"https:\/\/encuentroinformativo.com.mx\/index.php?rest_route=\/wp\/v2\/posts\/39498","targetHints":{"allow":["GET"]}}],"collection":[{"href":"https:\/\/encuentroinformativo.com.mx\/index.php?rest_route=\/wp\/v2\/posts"}],"about":[{"href":"https:\/\/encuentroinformativo.com.mx\/index.php?rest_route=\/wp\/v2\/types\/post"}],"author":[{"embeddable":true,"href":"https:\/\/encuentroinformativo.com.mx\/index.php?rest_route=\/wp\/v2\/users\/2476"}],"replies":[{"embeddable":true,"href":"https:\/\/encuentroinformativo.com.mx\/index.php?rest_route=%2Fwp%2Fv2%2Fcomments&post=39498"}],"version-history":[{"count":1,"href":"https:\/\/encuentroinformativo.com.mx\/index.php?rest_route=\/wp\/v2\/posts\/39498\/revisions"}],"predecessor-version":[{"id":39500,"href":"https:\/\/encuentroinformativo.com.mx\/index.php?rest_route=\/wp\/v2\/posts\/39498\/revisions\/39500"}],"wp:featuredmedia":[{"embeddable":true,"href":"https:\/\/encuentroinformativo.com.mx\/index.php?rest_route=\/wp\/v2\/media\/39499"}],"wp:attachment":[{"href":"https:\/\/encuentroinformativo.com.mx\/index.php?rest_route=%2Fwp%2Fv2%2Fmedia&parent=39498"}],"wp:term":[{"taxonomy":"category","embeddable":true,"href":"https:\/\/encuentroinformativo.com.mx\/index.php?rest_route=%2Fwp%2Fv2%2Fcategories&post=39498"},{"taxonomy":"post_tag","embeddable":true,"href":"https:\/\/encuentroinformativo.com.mx\/index.php?rest_route=%2Fwp%2Fv2%2Ftags&post=39498"}],"curies":[{"name":"wp","href":"https:\/\/api.w.org\/{rel}","templated":true}]}}