{"id":39505,"date":"2023-04-20T12:36:28","date_gmt":"2023-04-20T18:36:28","guid":{"rendered":"https:\/\/encuentroinformativo.com.mx\/?p=39505"},"modified":"2023-04-20T12:36:32","modified_gmt":"2023-04-20T18:36:32","slug":"tres-enfermeras-lesionadas-por-caida-de-elevador-en-torre-pediatrica","status":"publish","type":"post","link":"https:\/\/encuentroinformativo.com.mx\/?p=39505","title":{"rendered":"Tres enfermeras lesionadas por ca\u00edda de elevador en Torre Pedi\u00e1trica"},"content":{"rendered":"\n<p><strong>Alejandro \u00c1vila<\/strong><\/p>\n\n\n\n<p>Veracruz, Ver.- A pesar de la negaci\u00f3n de la Secretar\u00eda de Salud sobre un incidente en la Torre Pedi\u00e1trica de la ciudad de Veracruz, tres enfermeras resultaron lesionadas tras el desplome de un elevador el pasado 17 de abril.<\/p>\n\n\n\n<p>Las j\u00f3venes Zulamith Escandon y Claudia Cruz, resultaron con esguince cervical y lesiones en brazos y rodillas.<\/p>\n\n\n\n<p>Cabe mencionar que este mi\u00e9rcoles el secretario de Salud Gerardo D\u00edaz acudi\u00f3 a una visita al&nbsp; Hospital de Alta Especialidad de Veracruz (HAEV), y asegur\u00f3 que los elevadores funcionaban correctamente; sin embargo, el incidente se dio en el inmueble adjunto, conocida como Torre Pedi\u00e1trica u Hospital Infantil.<\/p>\n\n\n\n<p>Este jueves las enfermeras acudieron a la cl\u00ednica del ISSSTE ubicada en la avenida Salvador D\u00edaz Mir\u00f3n, donde tras la evaluaci\u00f3n m\u00e9dica ambas presentaban esguince y deber\u00e1n usar collar\u00edn, por lo que las incapacitaron 21 d\u00edas.<\/p>\n\n\n\n<p>Las j\u00f3venes lamentaron que las autoridades de la Secretar\u00eda de Salud de Veracruz se negaran a reconocer el incidente y, fue hasta su queja en redes sociales este martes por la tarde cuando la dependencia les otorg\u00f3 el certificado de accidente de trabajo.<\/p>\n\n\n\n<p>Las afectadas mencionaron que no es la primera vez que los elevadores sufren desplomes, ya que hace un par de meses otra compa\u00f1era sufri\u00f3 lesiones similares a las suyas, ya ella tambi\u00e9n le negaron la incapacidad; es por ello que piden a las autoridades correspondientes den el mantenimiento adecuado a los ascensores debido a que puede ocasionar un problema m\u00e1s grave.<\/p>\n","protected":false},"excerpt":{"rendered":"<p>Alejandro \u00c1vila Veracruz, Ver.- A pesar de la negaci\u00f3n de la Secretar\u00eda de Salud sobre un incidente en la Torre Pedi\u00e1trica de la ciudad de Veracruz, tres enfermeras resultaron lesionadas tras el desplome de un elevador el pasado 17 de abril. Las j\u00f3venes Zulamith Escandon y Claudia Cruz, resultaron con esguince cervical y lesiones en [&hellip;]<\/p>\n","protected":false},"author":2476,"featured_media":39506,"comment_status":"open","ping_status":"open","sticky":false,"template":"","format":"standard","meta":{"_jetpack_memberships_contains_paid_content":false,"footnotes":""},"categories":[9],"tags":[],"class_list":["post-39505","post","type-post","status-publish","format-standard","has-post-thumbnail","hentry","category-salud"],"jetpack_featured_media_url":"https:\/\/encuentroinformativo.com.mx\/wp-content\/uploads\/2023\/04\/IMG-20230420-WA0029.jpg","jetpack_sharing_enabled":true,"jetpack_likes_enabled":true,"amp_enabled":true,"_links":{"self":[{"href":"https:\/\/encuentroinformativo.com.mx\/index.php?rest_route=\/wp\/v2\/posts\/39505","targetHints":{"allow":["GET"]}}],"collection":[{"href":"https:\/\/encuentroinformativo.com.mx\/index.php?rest_route=\/wp\/v2\/posts"}],"about":[{"href":"https:\/\/encuentroinformativo.com.mx\/index.php?rest_route=\/wp\/v2\/types\/post"}],"author":[{"embeddable":true,"href":"https:\/\/encuentroinformativo.com.mx\/index.php?rest_route=\/wp\/v2\/users\/2476"}],"replies":[{"embeddable":true,"href":"https:\/\/encuentroinformativo.com.mx\/index.php?rest_route=%2Fwp%2Fv2%2Fcomments&post=39505"}],"version-history":[{"count":1,"href":"https:\/\/encuentroinformativo.com.mx\/index.php?rest_route=\/wp\/v2\/posts\/39505\/revisions"}],"predecessor-version":[{"id":39507,"href":"https:\/\/encuentroinformativo.com.mx\/index.php?rest_route=\/wp\/v2\/posts\/39505\/revisions\/39507"}],"wp:featuredmedia":[{"embeddable":true,"href":"https:\/\/encuentroinformativo.com.mx\/index.php?rest_route=\/wp\/v2\/media\/39506"}],"wp:attachment":[{"href":"https:\/\/encuentroinformativo.com.mx\/index.php?rest_route=%2Fwp%2Fv2%2Fmedia&parent=39505"}],"wp:term":[{"taxonomy":"category","embeddable":true,"href":"https:\/\/encuentroinformativo.com.mx\/index.php?rest_route=%2Fwp%2Fv2%2Fcategories&post=39505"},{"taxonomy":"post_tag","embeddable":true,"href":"https:\/\/encuentroinformativo.com.mx\/index.php?rest_route=%2Fwp%2Fv2%2Ftags&post=39505"}],"curies":[{"name":"wp","href":"https:\/\/api.w.org\/{rel}","templated":true}]}}