{"id":39508,"date":"2023-04-20T12:41:30","date_gmt":"2023-04-20T18:41:30","guid":{"rendered":"https:\/\/encuentroinformativo.com.mx\/?p=39508"},"modified":"2023-04-20T12:41:33","modified_gmt":"2023-04-20T18:41:33","slug":"con-protesta-reclaman-docentes-para-jardin-de-ninos","status":"publish","type":"post","link":"https:\/\/encuentroinformativo.com.mx\/?p=39508","title":{"rendered":"Con protesta, reclaman docentes para jard\u00edn de ni\u00f1os"},"content":{"rendered":"\n<p><strong>Dar\u00edo Pale <\/strong><\/p>\n\n\n\n<p>Xalapa, Ver.- Padres de familia del Jard\u00edn de Ni\u00f1os Quetzal de la comunidad de Huitzilac del municipio de Tlacolulan se manifestaron en la Secretar\u00eda de Educaci\u00f3n de Veracruz (SEV) por falta de un maestro, ya que desde enero del presente a\u00f1o se fue la maestra del 2\u00ba grado y es la fecha que sus hijos no tienen clases.<\/p>\n\n\n\n<p>Entrevistado durante la manifestaci\u00f3n las se\u00f1oras Martha Hern\u00e1ndez Faltan y Erica Alonso Hern\u00e1ndez, presidenta y secretaria, respectivamente de la Sociedad de Padres de Familia dieron a conocer que la manifestaci\u00f3n es para exigir a las autoridades la asignaci\u00f3n de un maestro, ya que desde finales de enero del a\u00f1o en curso se fue la maestra que atend\u00eda el grupo de segundo a\u00f1o y es la fecha que no se tiene el reemplazo.<\/p>\n\n\n\n<p>Tambi\u00e9n denunciaron las irregularidades que ha cometido la Subdirecci\u00f3n de Educaci\u00f3n Preescolar Federalizada, pues a este grupo le fue quitada la maestra Ana Mar\u00eda Su\u00e1rez Moreno sin ninguna explicaci\u00f3n y posteriormente la que lo sustituy\u00f3, Diana Adali Castellanos, por el permiso otorgado para cursar una maestr\u00eda, dej\u00f3 el grupo el 31 de enero del 2022, y es la fecha que no haya alguien que se haga cargo del mismo.<\/p>\n\n\n\n<p>&#8220;Desde la fecha mencionada el grupo ha sido atendido solo los d\u00edas que est\u00e1 un poco libre la directora del plantel, Alicia Hern\u00e1ndez Juan, pero en su mayor\u00eda est\u00e1n sin clases los alumnos hasta el d\u00eda de hoy\u201d, se\u00f1ala el documento que entregaron a las autoridades educativas.<\/p>\n\n\n\n<p>Dieron a conocer que el d\u00eda que la maestra Diana Adali se retir\u00f3, la supervisora escolar (de quien no se dijo su nombre) les indic\u00f3 que a m\u00e1s tardar un mes \u201cllevaria a la persona que atender\u00eda al segundo grado, pero hasta ahora no se ha dado esto\u201d.<\/p>\n\n\n\n<p>Ante la falta de una soluci\u00f3n a sus demandas, los padres de familia decidieron manifestarse en las oficinas centrales de la SEV y amenazaron con no retirarse hasta no tener una respuesta favorable.<\/p>\n\n\n\n<p>Los padres inconformes fueron atendidos de inmediato por personal de la Subdirecci\u00f3n de Educaci\u00f3n Preescolar Federalizada, quienes establecieron el compromiso que a la brevedad posible llegar\u00eda el maestro para atender al grupo en cuesti\u00f3n.<\/p>\n\n\n\n<p>Por \u00faltimo cabe se\u00f1alar que los manifestantes advirtieron que de no llegar el maestro o maestra en el plazo establecido, de nueva cuenta volver\u00edan a la SEV y tomar\u00edan las oficinas centrales.<\/p>\n\n\n\n<figure class=\"wp-block-image size-large\"><img loading=\"lazy\" decoding=\"async\" width=\"1024\" height=\"769\" src=\"https:\/\/encuentroinformativo.com.mx\/wp-content\/uploads\/2023\/04\/IMG-20230420-WA0036-1024x769.jpg\" alt=\"\" class=\"wp-image-39510\" srcset=\"https:\/\/encuentroinformativo.com.mx\/wp-content\/uploads\/2023\/04\/IMG-20230420-WA0036-1024x769.jpg 1024w, https:\/\/encuentroinformativo.com.mx\/wp-content\/uploads\/2023\/04\/IMG-20230420-WA0036-300x225.jpg 300w, https:\/\/encuentroinformativo.com.mx\/wp-content\/uploads\/2023\/04\/IMG-20230420-WA0036-768x577.jpg 768w, https:\/\/encuentroinformativo.com.mx\/wp-content\/uploads\/2023\/04\/IMG-20230420-WA0036.jpg 1156w\" sizes=\"auto, (max-width: 1024px) 100vw, 1024px\" \/><\/figure>\n","protected":false},"excerpt":{"rendered":"<p>Dar\u00edo Pale Xalapa, Ver.- Padres de familia del Jard\u00edn de Ni\u00f1os Quetzal de la comunidad de Huitzilac del municipio de Tlacolulan se manifestaron en la Secretar\u00eda de Educaci\u00f3n de Veracruz (SEV) por falta de un maestro, ya que desde enero del presente a\u00f1o se fue la maestra del 2\u00ba grado y es la fecha que [&hellip;]<\/p>\n","protected":false},"author":2476,"featured_media":39509,"comment_status":"open","ping_status":"open","sticky":false,"template":"","format":"standard","meta":{"_jetpack_memberships_contains_paid_content":false,"footnotes":""},"categories":[2],"tags":[],"class_list":["post-39508","post","type-post","status-publish","format-standard","has-post-thumbnail","hentry","category-estado"],"jetpack_featured_media_url":"https:\/\/encuentroinformativo.com.mx\/wp-content\/uploads\/2023\/04\/IMG-20230420-WA0034.jpg","jetpack_sharing_enabled":true,"jetpack_likes_enabled":true,"amp_enabled":true,"_links":{"self":[{"href":"https:\/\/encuentroinformativo.com.mx\/index.php?rest_route=\/wp\/v2\/posts\/39508","targetHints":{"allow":["GET"]}}],"collection":[{"href":"https:\/\/encuentroinformativo.com.mx\/index.php?rest_route=\/wp\/v2\/posts"}],"about":[{"href":"https:\/\/encuentroinformativo.com.mx\/index.php?rest_route=\/wp\/v2\/types\/post"}],"author":[{"embeddable":true,"href":"https:\/\/encuentroinformativo.com.mx\/index.php?rest_route=\/wp\/v2\/users\/2476"}],"replies":[{"embeddable":true,"href":"https:\/\/encuentroinformativo.com.mx\/index.php?rest_route=%2Fwp%2Fv2%2Fcomments&post=39508"}],"version-history":[{"count":1,"href":"https:\/\/encuentroinformativo.com.mx\/index.php?rest_route=\/wp\/v2\/posts\/39508\/revisions"}],"predecessor-version":[{"id":39511,"href":"https:\/\/encuentroinformativo.com.mx\/index.php?rest_route=\/wp\/v2\/posts\/39508\/revisions\/39511"}],"wp:featuredmedia":[{"embeddable":true,"href":"https:\/\/encuentroinformativo.com.mx\/index.php?rest_route=\/wp\/v2\/media\/39509"}],"wp:attachment":[{"href":"https:\/\/encuentroinformativo.com.mx\/index.php?rest_route=%2Fwp%2Fv2%2Fmedia&parent=39508"}],"wp:term":[{"taxonomy":"category","embeddable":true,"href":"https:\/\/encuentroinformativo.com.mx\/index.php?rest_route=%2Fwp%2Fv2%2Fcategories&post=39508"},{"taxonomy":"post_tag","embeddable":true,"href":"https:\/\/encuentroinformativo.com.mx\/index.php?rest_route=%2Fwp%2Fv2%2Ftags&post=39508"}],"curies":[{"name":"wp","href":"https:\/\/api.w.org\/{rel}","templated":true}]}}