{"id":3953,"date":"2020-07-08T13:44:38","date_gmt":"2020-07-08T18:44:38","guid":{"rendered":"https:\/\/encuentroinformativo.com\/?p=3953"},"modified":"2020-07-08T13:44:40","modified_gmt":"2020-07-08T18:44:40","slug":"niega-regidor-dar-positivo-a-covid","status":"publish","type":"post","link":"https:\/\/encuentroinformativo.com.mx\/?p=3953","title":{"rendered":"Niega regidor dar positivo a Covid"},"content":{"rendered":"\n<p><strong>Dar\u00edo Pale <\/strong><\/p>\n\n\n\n<p>Xalapa, Ver.- El regidor XI del ayuntamiento de Xalapa Francisco Javier Gonz\u00e1lez Villag\u00f3mez dio a conocer que es falso que se haya contagiado de Covid-19, sin embargo no descart\u00f3 que en alg\u00fan momento tenga el virus porque es una pandemia.<\/p>\n\n\n\n<p>En conferencia de prensa realizada en conocido caf\u00e9 del centro de Xalapa, se\u00f1al\u00f3 que, \u201cL\u00f3pez Gatell dijo que 7 de cada 10 nos podemos enfermar, pero en este momento ya me hice los estudios \u00a0los cuales salieron negativos, por lo que estoy completamente sano, igual mis colaboradores y mi familia\u201d.<\/p>\n\n\n\n<p>El edil manifest\u00f3 que una vez que el regidor Juan Gabriel Fern\u00e1ndez Garibay dio a conocer que ten\u00eda Coronavirus, \u00e9l se resguardo y se realiz\u00f3 las pruebas correspondientes sobre todo porque hab\u00edan estado juntos en algunas \u00a0reuniones de trabajo.<\/p>\n\n\n\n<p>Gonz\u00e1lez Villag\u00f3mez no descart\u00f3 que en alg\u00fan momento le d\u00e9, o le vaya a dar ya que de ser as\u00ed lo dar\u00e1 a conocer porque es su responsabilidad.<\/p>\n\n\n\n<p><strong>Sanciones por Cubrebocas <\/strong><\/p>\n\n\n\n<p>En otro orden de ideas en lo que se refiere al tema de la aplicaci\u00f3n de sanciones a quien no use cubrebocas apunt\u00f3 esta medida ya se aplica en el estado de Toluca donde se aplican una multa de 2 mil 600 incluso la privaci\u00f3n de la libertad.<\/p>\n\n\n\n<p>Esperan que no se llegue a tanto pero lo que deben hacer es que la gente tome conciencia del uso de cubrebocas, los comercios ya tienen protocolos y est\u00e1n trabajando en ello, pero la ciudadan\u00eda debe de contribuir.<\/p>\n\n\n\n<p>La propuesta la tienen que proponer al Cabildo para ser aprobada, a\u00fan no definen la cantidad que se cobrar\u00eda ya que la idea no es recaudar dinero si no que se cumplan con los protocolos de sanidad y que las personas no salgan de no ser necesario pero lamentablemente las personas salen sin protecci\u00f3n.<\/p>\n\n\n\n<p>Finalmente reconoci\u00f3 que el ayuntamiento est\u00e1 haciendo un esfuerzo para apoyar a las personas muchos salen por necesidad pero otros solo salen a pasear o a divertirse y no es momento de hacerlo.<\/p>\n\n\n\n<p><\/p>\n","protected":false},"excerpt":{"rendered":"<p>Dar\u00edo Pale Xalapa, Ver.- El regidor XI del ayuntamiento de Xalapa Francisco Javier Gonz\u00e1lez Villag\u00f3mez dio a conocer que es falso que se haya contagiado de Covid-19, sin embargo no descart\u00f3 que en alg\u00fan momento tenga el virus porque es una pandemia. En conferencia de prensa realizada en conocido caf\u00e9 del centro de Xalapa, se\u00f1al\u00f3 [&hellip;]<\/p>\n","protected":false},"author":1,"featured_media":3954,"comment_status":"open","ping_status":"open","sticky":false,"template":"","format":"standard","meta":{"_jetpack_memberships_contains_paid_content":false,"footnotes":""},"categories":[3],"tags":[],"class_list":["post-3953","post","type-post","status-publish","format-standard","has-post-thumbnail","hentry","category-xalapa"],"jetpack_featured_media_url":"https:\/\/encuentroinformativo.com.mx\/wp-content\/uploads\/2020\/07\/084A1070-D637-4F3D-85AB-16706EBEC5BB.jpeg","jetpack_sharing_enabled":true,"jetpack_likes_enabled":true,"amp_enabled":true,"_links":{"self":[{"href":"https:\/\/encuentroinformativo.com.mx\/index.php?rest_route=\/wp\/v2\/posts\/3953","targetHints":{"allow":["GET"]}}],"collection":[{"href":"https:\/\/encuentroinformativo.com.mx\/index.php?rest_route=\/wp\/v2\/posts"}],"about":[{"href":"https:\/\/encuentroinformativo.com.mx\/index.php?rest_route=\/wp\/v2\/types\/post"}],"author":[{"embeddable":true,"href":"https:\/\/encuentroinformativo.com.mx\/index.php?rest_route=\/wp\/v2\/users\/1"}],"replies":[{"embeddable":true,"href":"https:\/\/encuentroinformativo.com.mx\/index.php?rest_route=%2Fwp%2Fv2%2Fcomments&post=3953"}],"version-history":[{"count":1,"href":"https:\/\/encuentroinformativo.com.mx\/index.php?rest_route=\/wp\/v2\/posts\/3953\/revisions"}],"predecessor-version":[{"id":3955,"href":"https:\/\/encuentroinformativo.com.mx\/index.php?rest_route=\/wp\/v2\/posts\/3953\/revisions\/3955"}],"wp:featuredmedia":[{"embeddable":true,"href":"https:\/\/encuentroinformativo.com.mx\/index.php?rest_route=\/wp\/v2\/media\/3954"}],"wp:attachment":[{"href":"https:\/\/encuentroinformativo.com.mx\/index.php?rest_route=%2Fwp%2Fv2%2Fmedia&parent=3953"}],"wp:term":[{"taxonomy":"category","embeddable":true,"href":"https:\/\/encuentroinformativo.com.mx\/index.php?rest_route=%2Fwp%2Fv2%2Fcategories&post=3953"},{"taxonomy":"post_tag","embeddable":true,"href":"https:\/\/encuentroinformativo.com.mx\/index.php?rest_route=%2Fwp%2Fv2%2Ftags&post=3953"}],"curies":[{"name":"wp","href":"https:\/\/api.w.org\/{rel}","templated":true}]}}