{"id":39539,"date":"2023-04-21T10:21:00","date_gmt":"2023-04-21T16:21:00","guid":{"rendered":"https:\/\/encuentroinformativo.com.mx\/?p=39539"},"modified":"2023-04-20T23:21:39","modified_gmt":"2023-04-21T05:21:39","slug":"sequia-afecta-a-productores-caneros-en-nayarit","status":"publish","type":"post","link":"https:\/\/encuentroinformativo.com.mx\/?p=39539","title":{"rendered":"Sequ\u00eda afecta a productores ca\u00f1eros en Nayarit"},"content":{"rendered":"\n<p><strong>Elisa Aburto<\/strong><\/p>\n\n\n\n<p>Veracruz, Ver.- Debido a los severos problemas de sequ\u00eda que enfrentan en los \u00faltimos meses, la producci\u00f3n de la ca\u00f1a de az\u00facar de la zafra 2022-2023 ser\u00e1 raqu\u00edtica, as\u00ed lo consider\u00f3 Refugio Polanco Sojo presidente de la Uni\u00f3n de Productores de Ca\u00f1a de Az\u00facar para el Bienestar Familiar A.C del Ingenio El Molino del estado de Nayarit.<\/p>\n\n\n\n<p>En entrevista explic\u00f3 que debido a la escasez de agua que enfrentan no esperan resultados alentadores para la conclusi\u00f3n de la zafra, ante el bajo tonelaje de ca\u00f1a que se estar\u00eda presentando.<\/p>\n\n\n\n<p>\u201cTenemos una situaci\u00f3n muy dif\u00edcil esta zafra 22-23 se ha caracterizado por ser una zafra muy raqu\u00edtica, una zafra de poco rendimiento en toneladas de ca\u00f1a, una zafra de pocas ganancias para los productores, una zafra donde hemos sufrido la sequ\u00eda, escasez de agua y las consecuencias est\u00e1n ah\u00ed en el rendimiento de los tonelajes de ca\u00f1a\u201d.<\/p>\n\n\n\n<p>Por ello vamos a buscar otras alternativas de mejorar la tierra, el suelo para que tengamos mejores rendimientos -precis\u00f3- va ser una zafra muy dif\u00edcil, creo que habr\u00e1 muchos compa\u00f1eros en cartera vencida derivado del bajo rendimiento en toneladas<\/p>\n\n\n\n<p><strong>\u00bfReciben alg\u00fan apoyo de las autoridades locales?<\/strong><\/p>\n\n\n\n<p>-Ninguno, nosotros por parte de las autoridades locales no tenemos ninguna, ni de las federales, simple y sencillamente nosotros buscamos el respaldo de los organismos responsables del campo mexicano y no ha habido respuesta en nada.<\/p>\n\n\n\n<p>Polanco Sojo reiter\u00f3 el llamado a las autoridades estatales y federales para que pongan atenci\u00f3n en el campo, pues reconoci\u00f3 que los productores solos no pueden hacer frente a las distintas problem\u00e1ticas que enfrentan sino que se requiere del respaldo de las autoridades.<\/p>\n","protected":false},"excerpt":{"rendered":"<p>Elisa Aburto Veracruz, Ver.- Debido a los severos problemas de sequ\u00eda que enfrentan en los \u00faltimos meses, la producci\u00f3n de la ca\u00f1a de az\u00facar de la zafra 2022-2023 ser\u00e1 raqu\u00edtica, as\u00ed lo consider\u00f3 Refugio Polanco Sojo presidente de la Uni\u00f3n de Productores de Ca\u00f1a de Az\u00facar para el Bienestar Familiar A.C del Ingenio El Molino [&hellip;]<\/p>\n","protected":false},"author":2476,"featured_media":39538,"comment_status":"open","ping_status":"open","sticky":false,"template":"","format":"standard","meta":{"_jetpack_memberships_contains_paid_content":false,"footnotes":""},"categories":[2,12],"tags":[],"class_list":["post-39539","post","type-post","status-publish","format-standard","has-post-thumbnail","hentry","category-estado","category-nacional"],"jetpack_featured_media_url":"https:\/\/encuentroinformativo.com.mx\/wp-content\/uploads\/2023\/04\/IMG_20230420_225601_1080_x_1080_pixel2.jpg","jetpack_sharing_enabled":true,"jetpack_likes_enabled":true,"amp_enabled":true,"_links":{"self":[{"href":"https:\/\/encuentroinformativo.com.mx\/index.php?rest_route=\/wp\/v2\/posts\/39539","targetHints":{"allow":["GET"]}}],"collection":[{"href":"https:\/\/encuentroinformativo.com.mx\/index.php?rest_route=\/wp\/v2\/posts"}],"about":[{"href":"https:\/\/encuentroinformativo.com.mx\/index.php?rest_route=\/wp\/v2\/types\/post"}],"author":[{"embeddable":true,"href":"https:\/\/encuentroinformativo.com.mx\/index.php?rest_route=\/wp\/v2\/users\/2476"}],"replies":[{"embeddable":true,"href":"https:\/\/encuentroinformativo.com.mx\/index.php?rest_route=%2Fwp%2Fv2%2Fcomments&post=39539"}],"version-history":[{"count":1,"href":"https:\/\/encuentroinformativo.com.mx\/index.php?rest_route=\/wp\/v2\/posts\/39539\/revisions"}],"predecessor-version":[{"id":39540,"href":"https:\/\/encuentroinformativo.com.mx\/index.php?rest_route=\/wp\/v2\/posts\/39539\/revisions\/39540"}],"wp:featuredmedia":[{"embeddable":true,"href":"https:\/\/encuentroinformativo.com.mx\/index.php?rest_route=\/wp\/v2\/media\/39538"}],"wp:attachment":[{"href":"https:\/\/encuentroinformativo.com.mx\/index.php?rest_route=%2Fwp%2Fv2%2Fmedia&parent=39539"}],"wp:term":[{"taxonomy":"category","embeddable":true,"href":"https:\/\/encuentroinformativo.com.mx\/index.php?rest_route=%2Fwp%2Fv2%2Fcategories&post=39539"},{"taxonomy":"post_tag","embeddable":true,"href":"https:\/\/encuentroinformativo.com.mx\/index.php?rest_route=%2Fwp%2Fv2%2Ftags&post=39539"}],"curies":[{"name":"wp","href":"https:\/\/api.w.org\/{rel}","templated":true}]}}